{"id":4519,"date":"2016-01-28T10:12:29","date_gmt":"2016-01-28T10:12:29","guid":{"rendered":"https:\/\/www.minicity.it\/blog\/?p=4519"},"modified":"2016-01-28T10:12:30","modified_gmt":"2016-01-28T10:12:30","slug":"20-granfondo-selle-italia-via-del-sale-a-cervia","status":"publish","type":"post","link":"https:\/\/www.minicity.it\/blog\/2016\/01\/20-granfondo-selle-italia-via-del-sale-a-cervia\/","title":{"rendered":"20\u00b0 Granfondo Selle Italia &#8211; Via del Sale a Cervia"},"content":{"rendered":"<p>La <strong>Granfondo Selle Italia &#8211; Via del Sale di Cervia<\/strong> compie 20 anni. In occasione di questo prestigioso traguardo, in calendario per <strong>domenica 3 aprile 2016<\/strong>, sono previste diverse sorprese che caratterizzeranno l&#8217;<strong>edizione 2016<\/strong>.<\/p>\n<p><a href=\"https:\/\/www.minicity.it\/blog\/2016\/01\/20-granfondo-selle-italia-via-del-sale-a-cervia\/granfondo-cervia\/\"><img loading=\"lazy\" decoding=\"async\" class=\"aligncenter size-full wp-image-4520\" src=\"https:\/\/www.minicity.it\/blog\/wp-content\/uploads\/2016\/01\/granfondo-cervia.jpg\" alt=\"granfondo cervia\" width=\"700\" height=\"422\" \/><\/a><\/p>\n<p><strong>Ma non c&#8217;\u00e8 tempo da perdere:<\/strong> i posti ancora a disposizione non sono tantissimi e le iscrizioni si sono aperte gi\u00e0 da tempo. Ma andiamo con ordine e vediamo come sar\u00e0 questa edizione speciale. 3 i percorsi previsti dall&#8217;organizzazione pi\u00f9 uno per gli accompagnatori. Partenza e arrivo per tutti, naturalmente a Cervia. Il primo \u00e8 il percorso corto: solo una salita previste in un contesto pianeggiante. \u00c8 il percorso ideale per chi vuole godersi il panorama senza fare fatica eccessiva. Sono 77 chilometri nel cuore della Romagna da percorrere senza problemi. Il percorso medio misura 107 chilometri, prevede due salite, non eccessivamente impegnative. La prova sar\u00e0 divertente in quanto il tracciato \u00e8 variegato e anche chi non \u00e8 molto allenato potr\u00e0 godersi una sgambata decisamente piacevole in un contesto primaverile splendido.<\/p>\n<p><strong>C&#8217;\u00e8 infine il percorso lungo<\/strong>. 150 km che prevedono 4 salite con un dislivello complessivo di 1300 metri. Si tratta del tracciato ideale per tutti coloro che vogliono mettersi alla prova. Un&#8217;altimetria che non mancher\u00e0 di stimolare tutti i partecipanti alla Granfondo Selle Italia &#8211; Via del Sale. C&#8217;\u00e8 poi la novit\u00e0 della cronoscalata in 60 secondi: la speciale sfida Cima Pantani. Si svolger\u00e0 sulla salita di Montevecchio: prevede una classifica speciale per i corridori che la affronteranno entro il tempo massimo di 18 minuti e senza scendere sotto il tempo minimo di 17 minuti. Infine il percorso Gourmet. Una pedalata non competitiva di 40 chilometri dalla declinazione enogastronomica. Si tratta di un percorso aperto a tutti in cui si transiter\u00e0 lungo i posti pi\u00f9 belli e suggestivi del territorio di Cervia. Nel corso della corsa sono previste soste con la degustazione dei prodotti tipici del posto.<\/p>\n<p><strong>Si tratta di cinque punti di ristoro<\/strong>: 3 ristoranti, una piadineria e un apicultura dove poter degustare con ricchi bouffet tutto ci\u00f2 che il territorio offre. Sar\u00e0 importante non farsi trovare impreparati a questo appuntamento che ogni anno richiama migliaia di appassionati provenienti da tutta Italia. Fondamentale quindi organizzarsi per tempo prenotando nelle strutture d&#8217;accoglienza della zona.<\/p>\n<p>La riviera romagnola da questo punto di vista \u00e8 particolarmente organizzata, ma per evitare di non trovare la sistemazione che \u00e8 pi\u00f9 adatta alle vostre esigenze il consiglio \u00e8 quello di contattare subito l&#8217;albergo dove avete intenzione di soggiornare. La stagione primaverile in Romagna regala panorami molto suggestivi e sono quindi sempre di pi\u00f9 i turisti che ne approfittano per godersi un fine settimana in questa zona. L&#8217;accoglienza dei romagnoli \u00e8 poi conosciuta in tutto il mondo: troverete sicuramente la soluzione pi\u00f9 indicata per il fine settimana della Granfondo Selle Italia &#8211; Via del Sale: l&#8217;importante \u00e8 farlo per tempo.<\/p>\n<p>Per maggiori informazioni potete visitare il sito ufficiale: <strong><a href=\"http:\/\/www.granfondoselleitalia.org\/\" target=\"_blank\">www.granfondoselleitalia.org<\/a><\/strong><\/p>\n","protected":false},"excerpt":{"rendered":"<p>La Granfondo Selle Italia &ndash; Via del Sale di Cervia compie 20 anni. In occasione di questo prestigioso traguardo, in calendario per domenica 3 aprile 2016, sono previste diverse sorprese che caratterizzeranno l&rsquo;edizione 2016. Ma non c&rsquo;&egrave; tempo da perdere: i posti ancora a disposizione non sono tantissimi e le iscrizioni si sono aperte gi&agrave; &#8230;<a class=\"post-readmore\" href=\"https:\/\/www.minicity.it\/blog\/2016\/01\/20-granfondo-selle-italia-via-del-sale-a-cervia\/\">read more<\/a><\/p>\n","protected":false},"author":1,"featured_media":0,"comment_status":"open","ping_status":"open","sticky":false,"template":"","format":"standard","meta":{"footnotes":""},"categories":[3],"tags":[20],"class_list":["post-4519","post","type-post","status-publish","format-standard","hentry","category-turismo","tag-cervia"],"aioseo_notices":[],"_links":{"self":[{"href":"https:\/\/www.minicity.it\/blog\/wp-json\/wp\/v2\/posts\/4519","targetHints":{"allow":["GET"]}}],"collection":[{"href":"https:\/\/www.minicity.it\/blog\/wp-json\/wp\/v2\/posts"}],"about":[{"href":"https:\/\/www.minicity.it\/blog\/wp-json\/wp\/v2\/types\/post"}],"author":[{"embeddable":true,"href":"https:\/\/www.minicity.it\/blog\/wp-json\/wp\/v2\/users\/1"}],"replies":[{"embeddable":true,"href":"https:\/\/www.minicity.it\/blog\/wp-json\/wp\/v2\/comments?post=4519"}],"version-history":[{"count":0,"href":"https:\/\/www.minicity.it\/blog\/wp-json\/wp\/v2\/posts\/4519\/revisions"}],"wp:attachment":[{"href":"https:\/\/www.minicity.it\/blog\/wp-json\/wp\/v2\/media?parent=4519"}],"wp:term":[{"taxonomy":"category","embeddable":true,"href":"https:\/\/www.minicity.it\/blog\/wp-json\/wp\/v2\/categories?post=4519"},{"taxonomy":"post_tag","embeddable":true,"href":"https:\/\/www.minicity.it\/blog\/wp-json\/wp\/v2\/tags?post=4519"}],"curies":[{"name":"wp","href":"https:\/\/api.w.org\/{rel}","templated":true}]}}