{"id":4574,"date":"2016-04-19T14:23:36","date_gmt":"2016-04-19T14:23:36","guid":{"rendered":"https:\/\/www.minicity.it\/blog\/?p=4574"},"modified":"2020-02-14T13:34:03","modified_gmt":"2020-02-14T13:34:03","slug":"vacanze-in-sardegna-a-cagliari-ogni-colore-e-unemozione","status":"publish","type":"post","link":"https:\/\/www.minicity.it\/blog\/2016\/04\/vacanze-in-sardegna-a-cagliari-ogni-colore-e-unemozione\/","title":{"rendered":"Vacanze in Sardegna: A Cagliari ogni colore \u00e8 un&#8217;emozione"},"content":{"rendered":"<p><strong>Una citt\u00e0 con mille secoli di storia, un paesaggio dopo l&#8217;altro<\/strong><\/p>\n<p><strong>Cagliari<\/strong>, citt\u00e0 capoluogo della <strong>Sardegna<\/strong>, sa stupirti e regalarti forti emozioni ricca com&#8217;\u00e8 di secoli e secoli di storie da raccontare. Meravigliosamente impreziosita da gioielli archeologici e da oasi naturali, Cagliari si rivela interessante per gite culturali, <strong>vacanze di mare e immersioni gastronomiche<\/strong> nelle specialit\u00e0 tipiche della regione.<\/p>\n<p><img loading=\"lazy\" decoding=\"async\" class=\"aligncenter size-full wp-image-4575\" src=\"https:\/\/www.minicity.it\/blog\/wp-content\/uploads\/2016\/04\/vacanze-sardegna.jpg\" alt=\"vacanze sardegna\" width=\"700\" height=\"467\" \/><\/p>\n<p>Il profumo della salsedine e l&#8217;acqua limpida del mare che lambisce il lido dolcemente, il vociare di un gabbiano&#8230;questo \u00e8 un tipico quadro che incanta gli occhi di chi visita questa solare citt\u00e0. <strong>Il Poetto<\/strong> \u00e8 una delle spiagge pi\u00f9 belle e lunghe di tutto il <strong>Mediterraneo<\/strong>, con una spiaggia bianca e ampia e un mare verdazzurro da sogno.<\/p>\n<p><img loading=\"lazy\" decoding=\"async\" class=\"alignright size-full wp-image-4577\" src=\"https:\/\/www.minicity.it\/blog\/wp-content\/uploads\/2016\/04\/fenicotteri-cagliari.jpg\" alt=\"fenicotteri cagliari\" width=\"250\" height=\"181\" \/>Grazie alla vicinanza dello <strong>stagno di Molentargius<\/strong> e delle <strong>Saline<\/strong>, dalla spiaggia del Poetto \u00e8 facile ammirare il <strong>volo dei fenicotteri<\/strong> che nidificano indisturbati in un&#8217;oasi protetta, unica in Italia, separata dalla strada da fitte canne palustri. Questi rari uccelli dal caratteristico piumaggio rosa, si muovono con una grazia regale e maestosa costituendo un favoloso spettacolo agli occhi dell&#8217;osservatore.<\/p>\n<p>Un&#8217;altra caratteristica variet\u00e0 cromatica a Cagliari la si incontra seguendo le <strong>testimonianze di tutti i popoli passati in citt\u00e0 nel corso della storia<\/strong>: Fenici, Romani, Vandali, Bizantini, Pisani, Genovesi, Aragonesi, Catalani, Spagnoli, Piemontesi.<\/p>\n<p>Qui \u00e8 il bianco della pietra con le sue tante sfumature ad incantare il visitatore. Se sai dove cercare, le tracce del passato ti guidano in un percorso appassionante: <strong>dai resti della Karalis<\/strong> fondata dai mercanti fenici, ai successivi insediamenti romani. Tocchi la ruvida pietra arenaria e ascolti il suono dell&#8217;antichit\u00e0 come il rumore degli zoccoli dei cavalli che trainavano faticosamente carri carichi di preziose merci da scambiare.<\/p>\n<p>Visitare Cagliari \u00e8 un&#8217;esperienza da provare in prima persona, e niente \u00e8 pi\u00f9 facile che raggiungerla con una veloce traversata a bordo delle migliori <strong>compagnie di navigazione selezionate per te da Traghetti Sardegna<\/strong>.<\/p>\n","protected":false},"excerpt":{"rendered":"<p>Una citt&agrave; con mille secoli di storia, un paesaggio dopo l&rsquo;altro Cagliari, citt&agrave; capoluogo della Sardegna, sa stupirti e regalarti forti emozioni ricca com&rsquo;&egrave; di secoli e secoli di storie da raccontare. Meravigliosamente impreziosita da gioielli archeologici e da oasi naturali, Cagliari si rivela interessante per gite culturali, vacanze di mare e immersioni gastronomiche nelle &#8230;<a class=\"post-readmore\" href=\"https:\/\/www.minicity.it\/blog\/2016\/04\/vacanze-in-sardegna-a-cagliari-ogni-colore-e-unemozione\/\">read more<\/a><\/p>\n","protected":false},"author":1,"featured_media":0,"comment_status":"open","ping_status":"open","sticky":false,"template":"","format":"standard","meta":{"footnotes":""},"categories":[3],"tags":[28],"class_list":["post-4574","post","type-post","status-publish","format-standard","hentry","category-turismo","tag-idee-vacanze"],"aioseo_notices":[],"_links":{"self":[{"href":"https:\/\/www.minicity.it\/blog\/wp-json\/wp\/v2\/posts\/4574","targetHints":{"allow":["GET"]}}],"collection":[{"href":"https:\/\/www.minicity.it\/blog\/wp-json\/wp\/v2\/posts"}],"about":[{"href":"https:\/\/www.minicity.it\/blog\/wp-json\/wp\/v2\/types\/post"}],"author":[{"embeddable":true,"href":"https:\/\/www.minicity.it\/blog\/wp-json\/wp\/v2\/users\/1"}],"replies":[{"embeddable":true,"href":"https:\/\/www.minicity.it\/blog\/wp-json\/wp\/v2\/comments?post=4574"}],"version-history":[{"count":1,"href":"https:\/\/www.minicity.it\/blog\/wp-json\/wp\/v2\/posts\/4574\/revisions"}],"predecessor-version":[{"id":4890,"href":"https:\/\/www.minicity.it\/blog\/wp-json\/wp\/v2\/posts\/4574\/revisions\/4890"}],"wp:attachment":[{"href":"https:\/\/www.minicity.it\/blog\/wp-json\/wp\/v2\/media?parent=4574"}],"wp:term":[{"taxonomy":"category","embeddable":true,"href":"https:\/\/www.minicity.it\/blog\/wp-json\/wp\/v2\/categories?post=4574"},{"taxonomy":"post_tag","embeddable":true,"href":"https:\/\/www.minicity.it\/blog\/wp-json\/wp\/v2\/tags?post=4574"}],"curies":[{"name":"wp","href":"https:\/\/api.w.org\/{rel}","templated":true}]}}