{"id":462,"date":"2011-03-15T10:00:23","date_gmt":"2011-03-15T10:00:23","guid":{"rendered":"https:\/\/www.minicity.it\/blog\/?p=462"},"modified":"2011-03-15T10:00:23","modified_gmt":"2011-03-15T10:00:23","slug":"eventi-lou-reed-in-romagna","status":"publish","type":"post","link":"https:\/\/www.minicity.it\/blog\/2011\/03\/eventi-lou-reed-in-romagna\/","title":{"rendered":"Eventi: Lou Reed in Romagna"},"content":{"rendered":"<p><a href=\"https:\/\/www.minicity.it\/blog\/wp-content\/uploads\/2011\/03\/loureed.jpg\" target=\"_blank\"><img loading=\"lazy\" decoding=\"async\" class=\"alignleft size-full wp-image-463\" style=\"margin: 5px 8px;\" title=\"loureed\" src=\"https:\/\/www.minicity.it\/blog\/wp-content\/uploads\/2011\/03\/loureed.jpg\" alt=\"\" width=\"200\" height=\"174\" \/><\/a>Il prossimo luglio lo storico cantante dei <strong>Velvet Underground<\/strong> sar\u00e0 in Italia per quattro date del suo nuovo tour. Lou Reed, che nel 2008 \u00e8 stato inserito al 62\u00b0 posto nella lista dei 100 migliori cantanti di Rolling Stone, il prossimo 23 luglio sar\u00e0 a Sogliano sul Rubicone, in provincia di Forl\u00ec-Cesena. Il concerto si terr\u00e0 all&#8217;Anfiteatro Vittoriale in piazza Matteotti. Le altre date italiane sono: 10 luglio, Pistoia Blues Festival (Pistoia), 22 luglio Gardone Riviera (BS) e il 25 luglio all\u2019Auditorium Parco della Musica di Roma.<\/p>\n<p><strong>Quando:<\/strong> 23 luglio 2011<\/p>\n<p><strong>Dove:<\/strong> Sogliano sul Rubicone<\/p>\n<p><strong>Costo:<\/strong> 60 euro platea numerata, 35 euro posto unico<\/p>\n","protected":false},"excerpt":{"rendered":"<p>Il prossimo luglio lo storico cantante dei Velvet Underground sar&agrave; in Italia per quattro date del suo nuovo tour. Lou Reed, che nel 2008 &egrave; stato inserito al 62&deg; posto nella lista dei 100 migliori cantanti di Rolling Stone, il prossimo 23 luglio sar&agrave; a Sogliano sul Rubicone, in provincia di Forl&igrave;-Cesena. Il concerto si &#8230;<a class=\"post-readmore\" href=\"https:\/\/www.minicity.it\/blog\/2011\/03\/eventi-lou-reed-in-romagna\/\">read more<\/a><\/p>\n","protected":false},"author":1,"featured_media":0,"comment_status":"open","ping_status":"open","sticky":false,"template":"","format":"standard","meta":{"footnotes":""},"categories":[3],"tags":[33],"class_list":["post-462","post","type-post","status-publish","format-standard","hentry","category-turismo","tag-eventi-riviera"],"aioseo_notices":[],"_links":{"self":[{"href":"https:\/\/www.minicity.it\/blog\/wp-json\/wp\/v2\/posts\/462","targetHints":{"allow":["GET"]}}],"collection":[{"href":"https:\/\/www.minicity.it\/blog\/wp-json\/wp\/v2\/posts"}],"about":[{"href":"https:\/\/www.minicity.it\/blog\/wp-json\/wp\/v2\/types\/post"}],"author":[{"embeddable":true,"href":"https:\/\/www.minicity.it\/blog\/wp-json\/wp\/v2\/users\/1"}],"replies":[{"embeddable":true,"href":"https:\/\/www.minicity.it\/blog\/wp-json\/wp\/v2\/comments?post=462"}],"version-history":[{"count":0,"href":"https:\/\/www.minicity.it\/blog\/wp-json\/wp\/v2\/posts\/462\/revisions"}],"wp:attachment":[{"href":"https:\/\/www.minicity.it\/blog\/wp-json\/wp\/v2\/media?parent=462"}],"wp:term":[{"taxonomy":"category","embeddable":true,"href":"https:\/\/www.minicity.it\/blog\/wp-json\/wp\/v2\/categories?post=462"},{"taxonomy":"post_tag","embeddable":true,"href":"https:\/\/www.minicity.it\/blog\/wp-json\/wp\/v2\/tags?post=462"}],"curies":[{"name":"wp","href":"https:\/\/api.w.org\/{rel}","templated":true}]}}