{"id":4652,"date":"2016-08-08T13:47:23","date_gmt":"2016-08-08T13:47:23","guid":{"rendered":"https:\/\/www.minicity.it\/blog\/?p=4652"},"modified":"2019-05-06T08:28:36","modified_gmt":"2019-05-06T08:28:36","slug":"cosa-fare-in-vacanza-a-milano-marittima-e-dintorni","status":"publish","type":"post","link":"https:\/\/www.minicity.it\/blog\/2016\/08\/cosa-fare-in-vacanza-a-milano-marittima-e-dintorni\/","title":{"rendered":"Cosa fare in vacanza a Milano Marittima e dintorni"},"content":{"rendered":"<p><strong>Milano Marittima<\/strong> \u00e8 una meta molto apprezzata per le vacanze balneari: in particolare \u00e8 molto nota e frequentata dai giovani, in quanto vi \u00e8 un&#8217;alta concentrazione di locali pubblici, bar, negozi, ristoranti e luoghi di convivialit\u00e0. Il grattacielo Marinella sovrasta l&#8217;abitato ed \u00e8 un punto di attrazione notevole. Questa localit\u00e0 sorge in <strong>Emilia Romagna<\/strong>, all&#8217;interno del territorio di Cervia, vicino a Ravenna: in particolare si trova <strong>tra Cervia e la frazione di Lido di Savio a nord<\/strong>, all&#8217;interno di un&#8217;estesa pineta.<\/p>\n<p><img loading=\"lazy\" decoding=\"async\" class=\"aligncenter size-full wp-image-4655\" src=\"https:\/\/www.minicity.it\/blog\/wp-content\/uploads\/2016\/08\/vacanze-a-milano-marittima.jpg\" alt=\"vacanze a milano marittima\" width=\"700\" height=\"465\" \/><\/p>\n<p>Milano Marittima \u00e8 famosa per le sue <strong>terme<\/strong>, circondate da un parco naturale di notevole bellezza, e per le sue spiagge. Infatti il centro nacque agli inizi del Novecento come zona balneare per la nascente borghesia, soprattutto per quella milanese. Il nome della nuova cittadina rilevava fin dal primo momento il forte legame tra l&#8217;area di villeggiatura e il capoluogo lombardo. Lo sviluppo segu\u00ec i principi della Citt\u00e0 giardino, secondo il quale le residenze turistiche e i villini dovevano essere integrati in maniera perfetta e armonica con la natura circostante. In questo caso gli eleganti fabbricati si fondono con la rigogliosa pineta alle loro spalle.<\/p>\n<p><strong>La citt\u00e0-giardino<\/strong> di Milano Marittima sorse quindi su un piano di Giuseppe Palanti nel 1912, a nord, oltre il Canale delle Saline. Si \u00e8 sviluppata rapidamente come luogo di villeggiatura tra i pi\u00f9 elitari della costa. Il progetto urbanistico, impostato su una scacchiera traversata da grandi anelli destinati alle attrezzature alberghiere e agli impianti ricreativi, fu interrotto a causa della Grande Guerra. Ripreso dagli anni Trenta del Novecento, resta, se pure difforme dal piano originale, uno dei pi\u00f9 interessanti interventi di pianificazione realizzati sulla riviera.<\/p>\n<p>Fin dagli anni Cinquanta Milano Marittima divenne una delle localit\u00e0 balneari pi\u00f9 importanti e rinomate di tutto il territorio italiano. Non erano solo le persone comuni a venirvi in vacanza, ma anche personalit\u00e0 famose. Ad esempio la scrittrice Grazia Deledda soggiorn\u00f2 a lungo nel quartiere balneare di levante: sul lungomare a lei dedicato vi \u00e8 un Monumento alla Scrittrice.<\/p>\n<p>Se si desidera fare una vacanza rilassante, non solo all&#8217;insegna del mare e delle spiagge, non si pu\u00f2 mancare di visitare la <strong>Chiesa di Stella Maris e la pineta di Cervia<\/strong>. Quest&#8217;ultima \u00e8 un singolare e composito ambiente, in cui si integrano gli specchi d&#8217;acqua dell&#8217;antichissima salina e i resti di un famoso bosco, quello che si estende alle spalle di Milano Marittima e di Cervia. <strong>La pineta<\/strong> faceva parte del complesso forestale che copriva un tempo in maniera uniforme tutto il litorale romagnolo e i cui resti sono oggi inseriti nel Parco Regionale del Delta del Po. Conserva ancora un notevole valore naturale, per il fatto che alle specie mediterranee come il leccio sono associate altre caratteristiche delle foreste del Centro Europa (ad esempio la farnia e il carpino bianco) e del Mediterraneo (la roverella e il pioppo bianco).<\/p>\n<p>Si consiglia di visitare anche la vicina <strong>Salina di Cervia<\/strong>: si estende a ovest e a sud-ovest dell&#8217;abitato, al di l\u00e0 della statale Adriatica, su una superficie di circa 828 ettari. Esisteva gi\u00e0 nell\u2019873 e per il suo sfruttamento fu oggetto di secolari contese; durante la dominazione veneziana (1441-1509), intorno a Cervia e alla salina si strinse una serrata difesa militare. Dopo un periodo di produzione quasi azzerata, si \u00e8 assistito a una piccola e lenta ripresa. Indipendentemente dalla vicenda produttiva, si \u00e8 provveduto alla tutela dell&#8217;ambiente umido rimasto con l&#8217;istituzione, nel 1979, della Riserva Naturale Salina di Cervia. L&#8217;area protetta si estende su 765 ettari ed \u00e8 compresa come stazione di pineta di Classe e salina di Cervia nel Parco Regionale del Delta del Po.<\/p>\n<p>All&#8217;interno si trova la <strong>Casa delle Farfalle<\/strong>, un centro di educazione ambientale che permette di conoscere le farfalle delle foreste pluviali tropicali e il loro ecosistema. L&#8217;ambiente \u00e8 riprodotto in una vasta serra riscaldata, dove i visitatori possono entrare e le farfalle volano.<\/p>\n<p><img loading=\"lazy\" decoding=\"async\" class=\"aligncenter size-full wp-image-4659\" src=\"https:\/\/www.minicity.it\/blog\/wp-content\/uploads\/2016\/08\/casa-delle-farfalle-cervia.jpg\" alt=\"casa delle farfalle cervia\" width=\"600\" height=\"450\" \/><\/p>\n<p>Nei pressi della salina \u00e8 inoltre attivo lo stabilimento delle Terme di Cervia, che utilizza a scopo terapeutico la cosiddetta Acqua Madre di superficie. \u00c8 acqua di mare proveniente dalla stessa salina, concentrata e impoverita del cloruro di sodio. Fa parte delle acque salsobromoiodiche. Si ricorda che, dall&#8217;VIII al XVII secolo, il centro antico di Cervia sorgeva in mezzo alle saline. Tuttavia, a parte della sconsacrata chiesetta della Madonna della Neve non rimane pi\u00f9 traccia del vecchio abitato.<\/p>\n<p>Ora non vi resta che prenotare un <a href=\"https:\/\/www.clubfamilyhotelmilanomarittima.com\/\"><strong>Hotel a Milano Marittima<\/strong><\/a> che vi sappia coccolare durante la vostra vacanza.<\/p>\n","protected":false},"excerpt":{"rendered":"<p>Milano Marittima &egrave; una meta molto apprezzata per le vacanze balneari: in particolare &egrave; molto nota e frequentata dai giovani, in quanto vi &egrave; un&rsquo;alta concentrazione di locali pubblici, bar, negozi, ristoranti e luoghi di convivialit&agrave;. Il grattacielo Marinella sovrasta l&rsquo;abitato ed &egrave; un punto di attrazione notevole. Questa localit&agrave; sorge in Emilia Romagna, all&rsquo;interno &#8230;<a class=\"post-readmore\" href=\"https:\/\/www.minicity.it\/blog\/2016\/08\/cosa-fare-in-vacanza-a-milano-marittima-e-dintorni\/\">read more<\/a><\/p>\n","protected":false},"author":1,"featured_media":0,"comment_status":"open","ping_status":"open","sticky":false,"template":"","format":"standard","meta":{"footnotes":""},"categories":[3],"tags":[21],"class_list":["post-4652","post","type-post","status-publish","format-standard","hentry","category-turismo","tag-milano-marittima"],"aioseo_notices":[],"_links":{"self":[{"href":"https:\/\/www.minicity.it\/blog\/wp-json\/wp\/v2\/posts\/4652","targetHints":{"allow":["GET"]}}],"collection":[{"href":"https:\/\/www.minicity.it\/blog\/wp-json\/wp\/v2\/posts"}],"about":[{"href":"https:\/\/www.minicity.it\/blog\/wp-json\/wp\/v2\/types\/post"}],"author":[{"embeddable":true,"href":"https:\/\/www.minicity.it\/blog\/wp-json\/wp\/v2\/users\/1"}],"replies":[{"embeddable":true,"href":"https:\/\/www.minicity.it\/blog\/wp-json\/wp\/v2\/comments?post=4652"}],"version-history":[{"count":0,"href":"https:\/\/www.minicity.it\/blog\/wp-json\/wp\/v2\/posts\/4652\/revisions"}],"wp:attachment":[{"href":"https:\/\/www.minicity.it\/blog\/wp-json\/wp\/v2\/media?parent=4652"}],"wp:term":[{"taxonomy":"category","embeddable":true,"href":"https:\/\/www.minicity.it\/blog\/wp-json\/wp\/v2\/categories?post=4652"},{"taxonomy":"post_tag","embeddable":true,"href":"https:\/\/www.minicity.it\/blog\/wp-json\/wp\/v2\/tags?post=4652"}],"curies":[{"name":"wp","href":"https:\/\/api.w.org\/{rel}","templated":true}]}}