{"id":4661,"date":"2016-08-12T14:36:38","date_gmt":"2016-08-12T14:36:38","guid":{"rendered":"https:\/\/www.minicity.it\/blog\/?p=4661"},"modified":"2016-08-12T14:36:38","modified_gmt":"2016-08-12T14:36:38","slug":"moto-gp-2016-dal-9-al-11-settembre-al-misano-world-circuit","status":"publish","type":"post","link":"https:\/\/www.minicity.it\/blog\/2016\/08\/moto-gp-2016-dal-9-al-11-settembre-al-misano-world-circuit\/","title":{"rendered":"Moto Gp 2016: dal 9 al 11 settembre al Misano World Circuit"},"content":{"rendered":"<p>Da sempre uno dei circuiti pi\u00f9 apprezzati dagli appassionati di moto da corsa, il <strong>Misano World Circuit Marco Simoncelli<\/strong>, torner\u00e0 a far parlare di s\u00e9 <strong>dal 9 all&#8217;11 settembre<\/strong> in occasione dell&#8217;attesissima gara di <strong>Moto GP<\/strong> per il <strong>campionato mondiale 2016<\/strong>.<\/p>\n<p><img loading=\"lazy\" decoding=\"async\" class=\"aligncenter size-full wp-image-4664\" src=\"https:\/\/www.minicity.it\/blog\/wp-content\/uploads\/2016\/08\/motogp-2016-misano-world-circuit.jpg\" alt=\"motogp 2016 misano world circuit\" width=\"700\" height=\"487\" \/><\/p>\n<p>Intitolato a Marco Simoncelli &#8211; il giovane pilota italiano deceduto nel 2011 &#8211; il Misano World Circuit \u00e8 situato in frazione Santa Monica, nel comune di Misano Adriatico in provincia di Rimini, a pochi passi dal bacino del Conca. Lungo 4.2 chilometri, largo 14 metri e con un rettilineo da 565 metri, il Misano World Circuit Marco Simoncelli, \u00e8 stato costruito nel 1972 e, per introdurlo al processo di ammodernamento che oggi lo contraddistingue, ha subito non poche trasformazioni nel corso della sua storia.<\/p>\n<p>Progettato sin nei minimi particolari e realizzato per volere di Enzo Ferrari, fondatore dell&#8217;omonima casa automobilistica, il Misano World Circuit ha una capacit\u00e0 di circa sessantamila spettatori e, in base alle regole di sicurezza dettate dal comitato regolatore della MotoGP, si affronta in senso orario, percorrendo ad alta velocit\u00e0 le curve del &#8220;Brutapela&#8221;, del Tramonto, la curva della Quercia e quella del Carro.<\/p>\n<p>Qui dove, <strong>dal 9 all&#8217;11 settembre 2016,<\/strong> ruggiranno i potenti motori delle moto guidate da Andrea Dovizioso, Valentino Rossi, Dani Pedrosa e Marc M\u00e1rquez, solo per citare alcuni dei nomi pi\u00f9 famosi, si potr\u00e0 respirare l&#8217;adrenalina pi\u00f9 pura, immergendosi nell&#8217;atmosfera di uno dei circuiti pi\u00f9 intensi. Inoltre, dettaglio di non poco conto, il Misano World Circuit Marco Simoncelli \u00e8 facilmente raggiungibile con treni, macchine e aerei da ogni parte d&#8217;Italia. Il circuito che, ovviamente, d\u00e0 il meglio di s\u00e9 durante le qualifiche e le gare del Campionato Mondiale di Moto GP, quasi ogni domenica, organizza corse amatoriali riservate a motociclisti e automobilisti non professionisti che, per una volta nella vita, hanno deciso di mettersi alla prova e saggiare i propri limiti su di un vero e proprio circuito.<\/p>\n<p>Quindi, se non volete perdere il pi\u00f9 grande spettacolo motociclistico in Italia, non dovete far altro che recarvi nella splendida cornice di Misano Adriatico e vivere tre giorni intensi all&#8217;insegna dell&#8217;adrenalina.<\/p>\n","protected":false},"excerpt":{"rendered":"<p>Da sempre uno dei circuiti pi&ugrave; apprezzati dagli appassionati di moto da corsa, il Misano World Circuit Marco Simoncelli, torner&agrave; a far parlare di s&eacute; dal 9 all&rsquo;11 settembre in occasione dell&rsquo;attesissima gara di Moto GP per il campionato mondiale 2016. Intitolato a Marco Simoncelli &ndash; il giovane pilota italiano deceduto nel 2011 &ndash; il &#8230;<a class=\"post-readmore\" href=\"https:\/\/www.minicity.it\/blog\/2016\/08\/moto-gp-2016-dal-9-al-11-settembre-al-misano-world-circuit\/\">read more<\/a><\/p>\n","protected":false},"author":1,"featured_media":0,"comment_status":"open","ping_status":"open","sticky":false,"template":"","format":"standard","meta":{"footnotes":""},"categories":[3],"tags":[36],"class_list":["post-4661","post","type-post","status-publish","format-standard","hentry","category-turismo","tag-misano-adriatico"],"aioseo_notices":[],"_links":{"self":[{"href":"https:\/\/www.minicity.it\/blog\/wp-json\/wp\/v2\/posts\/4661","targetHints":{"allow":["GET"]}}],"collection":[{"href":"https:\/\/www.minicity.it\/blog\/wp-json\/wp\/v2\/posts"}],"about":[{"href":"https:\/\/www.minicity.it\/blog\/wp-json\/wp\/v2\/types\/post"}],"author":[{"embeddable":true,"href":"https:\/\/www.minicity.it\/blog\/wp-json\/wp\/v2\/users\/1"}],"replies":[{"embeddable":true,"href":"https:\/\/www.minicity.it\/blog\/wp-json\/wp\/v2\/comments?post=4661"}],"version-history":[{"count":0,"href":"https:\/\/www.minicity.it\/blog\/wp-json\/wp\/v2\/posts\/4661\/revisions"}],"wp:attachment":[{"href":"https:\/\/www.minicity.it\/blog\/wp-json\/wp\/v2\/media?parent=4661"}],"wp:term":[{"taxonomy":"category","embeddable":true,"href":"https:\/\/www.minicity.it\/blog\/wp-json\/wp\/v2\/categories?post=4661"},{"taxonomy":"post_tag","embeddable":true,"href":"https:\/\/www.minicity.it\/blog\/wp-json\/wp\/v2\/tags?post=4661"}],"curies":[{"name":"wp","href":"https:\/\/api.w.org\/{rel}","templated":true}]}}