{"id":467,"date":"2011-03-16T11:44:43","date_gmt":"2011-03-16T11:44:43","guid":{"rendered":"https:\/\/www.minicity.it\/blog\/?p=467"},"modified":"2011-03-16T11:44:43","modified_gmt":"2011-03-16T11:44:43","slug":"festa-dellunita-ditalia-a-cattolica","status":"publish","type":"post","link":"https:\/\/www.minicity.it\/blog\/2011\/03\/festa-dellunita-ditalia-a-cattolica\/","title":{"rendered":"Festa dell&#8217;unit\u00e0 D&#8217;ITALIA a Cattolica"},"content":{"rendered":"<p><a href=\"https:\/\/www.minicity.it\/blog\/wp-content\/uploads\/2011\/03\/festaunit\u00e0Italia.jpg\" target=\"_blank\"><img loading=\"lazy\" decoding=\"async\" class=\"alignleft size-full wp-image-469\" style=\"margin: 5px 8px;\" title=\"festaunit\u00e0Italia\" src=\"https:\/\/www.minicity.it\/blog\/wp-content\/uploads\/2011\/03\/festaunit\u00e0Italia.jpg\" alt=\"\" width=\"200\" height=\"150\" \/><\/a>Anche a Cattolica si festeggeranno i 150 anni dell&#8217;Unit\u00e0 d&#8217;Italia con il &#8220;Cuore&#8221;, il &#8220;Gattopardo&#8221; e &#8220;Radio Talpa&#8221;&#8230;<\/p>\n<p><strong>CATTOLICA.<\/strong> Da oggi con le scuole si festeggeranno i 150 anni dell&#8217;Unit\u00e0 d&#8217;Italia, iniziando dal Teatro della Regina con diversi eventi. Si inizier\u00e0 gi\u00e0 dalla mattina con gli studenti delle scuole di Cattolica e il saluto del commissario Nazzareno de Franco. Sempre in mattinata ci sar\u00e0 la lettura di 2 brani ripresi dal romanzo &#8220;Il Gattopardo&#8221; di Giuseppe Tomasi e &#8220;Cuore&#8221; di Edmondo de Amicis.<\/p>\n<p>L&#8217;invito a partecipare \u00e8 rivolto a tutta la citt\u00e0 e gi\u00e0 dal 9 marzo si \u00e8 iniziato a festeggiare il grande evento con uno scaffale tematico nella biblioteca comunale con opere riguardanti l&#8217;Unit\u00e0 d&#8217;Italia disponibili fino alla fine del mese.<\/p>\n<p>Nella serata di oggi, torner\u00e0 &#8220;Radio Talpa&#8221; , la radio libera di Cattolica sulla frequenza dei 94 Mhz negli anni 70\/80 che organizzer\u00e0 un evento dedicato all&#8217;Unit\u00e0 d&#8217;Italia dal titolo &#8220;Unit\u00e0 nella diversit\u00e0&#8221;&#8230;<\/p>\n","protected":false},"excerpt":{"rendered":"<p>Anche a Cattolica si festeggeranno i 150 anni dell&rsquo;Unit&agrave; d&rsquo;Italia con il &ldquo;Cuore&rdquo;, il &ldquo;Gattopardo&rdquo; e &ldquo;Radio Talpa&rdquo;&hellip; CATTOLICA. Da oggi con le scuole si festeggeranno i 150 anni dell&rsquo;Unit&agrave; d&rsquo;Italia, iniziando dal Teatro della Regina con diversi eventi. Si inizier&agrave; gi&agrave; dalla mattina con gli studenti delle scuole di Cattolica e il saluto del &#8230;<a class=\"post-readmore\" href=\"https:\/\/www.minicity.it\/blog\/2011\/03\/festa-dellunita-ditalia-a-cattolica\/\">read more<\/a><\/p>\n","protected":false},"author":1,"featured_media":0,"comment_status":"open","ping_status":"open","sticky":false,"template":"","format":"standard","meta":{"footnotes":""},"categories":[3],"tags":[37,33],"class_list":["post-467","post","type-post","status-publish","format-standard","hentry","category-turismo","tag-cattolica","tag-eventi-riviera"],"aioseo_notices":[],"_links":{"self":[{"href":"https:\/\/www.minicity.it\/blog\/wp-json\/wp\/v2\/posts\/467","targetHints":{"allow":["GET"]}}],"collection":[{"href":"https:\/\/www.minicity.it\/blog\/wp-json\/wp\/v2\/posts"}],"about":[{"href":"https:\/\/www.minicity.it\/blog\/wp-json\/wp\/v2\/types\/post"}],"author":[{"embeddable":true,"href":"https:\/\/www.minicity.it\/blog\/wp-json\/wp\/v2\/users\/1"}],"replies":[{"embeddable":true,"href":"https:\/\/www.minicity.it\/blog\/wp-json\/wp\/v2\/comments?post=467"}],"version-history":[{"count":0,"href":"https:\/\/www.minicity.it\/blog\/wp-json\/wp\/v2\/posts\/467\/revisions"}],"wp:attachment":[{"href":"https:\/\/www.minicity.it\/blog\/wp-json\/wp\/v2\/media?parent=467"}],"wp:term":[{"taxonomy":"category","embeddable":true,"href":"https:\/\/www.minicity.it\/blog\/wp-json\/wp\/v2\/categories?post=467"},{"taxonomy":"post_tag","embeddable":true,"href":"https:\/\/www.minicity.it\/blog\/wp-json\/wp\/v2\/tags?post=467"}],"curies":[{"name":"wp","href":"https:\/\/api.w.org\/{rel}","templated":true}]}}