{"id":4688,"date":"2017-08-10T12:59:06","date_gmt":"2017-08-10T12:59:06","guid":{"rendered":"https:\/\/www.minicity.it\/blog\/?p=4688"},"modified":"2017-08-10T12:59:06","modified_gmt":"2017-08-10T12:59:06","slug":"deejay-on-stage-riccione-2017","status":"publish","type":"post","link":"https:\/\/www.minicity.it\/blog\/2017\/08\/deejay-on-stage-riccione-2017\/","title":{"rendered":"&#8220;Deejay On Stage Riccione 2017&#8221;"},"content":{"rendered":"<p><strong>22 agosto, Riccione<\/strong>. Una data da tenere a mente per chi della musica fa la propria ragione di vita. In tale data la localit\u00e0 balneare romagnola far\u00e0 da sfondo ad uno degli eventi musicali pi\u00f9 attesi ed importanti dell&#8217;anno.<\/p>\n<p><img loading=\"lazy\" decoding=\"async\" class=\"aligncenter size-full wp-image-4689\" src=\"https:\/\/www.minicity.it\/blog\/wp-content\/uploads\/2017\/08\/radio-deejay-riccione.jpg\" alt=\"radio deejay riccione\" width=\"700\" height=\"366\" \/><\/p>\n<p>Riccione che infatti ospiter\u00e0 l&#8217;evento <strong>&#8220;Deejay On Stage Riccione 2017&#8221;<\/strong>, organizzato dal noto conduttore radiofonico Linus in collaborazione con Rudy Zerby, Andrea &amp; Michele e La Pina.<br \/>\nVolti di spicco della radio che daranno vita ad un concerto che vedr\u00e0 esibirsi, all&#8217;interno della suggestiva e caratteristica location della riviera romagnola, artisti musicali tra i pi\u00f9 in voga del momento.<\/p>\n<p>Da Fred De Palma, giovane rapper di origine torinese, a Irama, cantautore toscano che ha partecipato all&#8217;edizione 2016 del Festival di Sanremo nella sezione &#8220;nuove proposte&#8221;.<br \/>\nAltri ospiti di spicco saranno Alessio Bernabei e Thomas, ex concorrenti del programma televisivo &#8220;Amici&#8221; e tra i protagonisti del genere pop italiano. La cantante Annalisa poi, con la sua voce soave e delicata.<\/p>\n<p>Infine, per chiudere in bellezza, tra i partecipanti di questa kermesse sonora compare il celeberrimo duetto musicale Benji &amp; Fede, idoli indiscussi delle ragazzine e vero e proprio fenomeno discografico del momento.<\/p>\n","protected":false},"excerpt":{"rendered":"<p>22 agosto, Riccione. Una data da tenere a mente per chi della musica fa la propria ragione di vita. In tale data la localit&agrave; balneare romagnola far&agrave; da sfondo ad uno degli eventi musicali pi&ugrave; attesi ed importanti dell&rsquo;anno. Riccione che infatti ospiter&agrave; l&rsquo;evento &ldquo;Deejay On Stage Riccione 2017&rdquo;, organizzato dal noto conduttore radiofonico Linus &#8230;<a class=\"post-readmore\" href=\"https:\/\/www.minicity.it\/blog\/2017\/08\/deejay-on-stage-riccione-2017\/\">read more<\/a><\/p>\n","protected":false},"author":1,"featured_media":0,"comment_status":"open","ping_status":"open","sticky":false,"template":"","format":"standard","meta":{"footnotes":""},"categories":[3],"tags":[34],"class_list":["post-4688","post","type-post","status-publish","format-standard","hentry","category-turismo","tag-riccione"],"aioseo_notices":[],"_links":{"self":[{"href":"https:\/\/www.minicity.it\/blog\/wp-json\/wp\/v2\/posts\/4688","targetHints":{"allow":["GET"]}}],"collection":[{"href":"https:\/\/www.minicity.it\/blog\/wp-json\/wp\/v2\/posts"}],"about":[{"href":"https:\/\/www.minicity.it\/blog\/wp-json\/wp\/v2\/types\/post"}],"author":[{"embeddable":true,"href":"https:\/\/www.minicity.it\/blog\/wp-json\/wp\/v2\/users\/1"}],"replies":[{"embeddable":true,"href":"https:\/\/www.minicity.it\/blog\/wp-json\/wp\/v2\/comments?post=4688"}],"version-history":[{"count":0,"href":"https:\/\/www.minicity.it\/blog\/wp-json\/wp\/v2\/posts\/4688\/revisions"}],"wp:attachment":[{"href":"https:\/\/www.minicity.it\/blog\/wp-json\/wp\/v2\/media?parent=4688"}],"wp:term":[{"taxonomy":"category","embeddable":true,"href":"https:\/\/www.minicity.it\/blog\/wp-json\/wp\/v2\/categories?post=4688"},{"taxonomy":"post_tag","embeddable":true,"href":"https:\/\/www.minicity.it\/blog\/wp-json\/wp\/v2\/tags?post=4688"}],"curies":[{"name":"wp","href":"https:\/\/api.w.org\/{rel}","templated":true}]}}