{"id":4692,"date":"2017-08-10T14:54:59","date_gmt":"2017-08-10T14:54:59","guid":{"rendered":"https:\/\/www.minicity.it\/blog\/?p=4692"},"modified":"2017-08-10T14:54:59","modified_gmt":"2017-08-10T14:54:59","slug":"movida-de-pais-a-riccione","status":"publish","type":"post","link":"https:\/\/www.minicity.it\/blog\/2017\/08\/movida-de-pais-a-riccione\/","title":{"rendered":"&#8220;Movida de Pais&#8221; a Riccione"},"content":{"rendered":"<p>In una delle localit\u00e0 pi\u00f9 apprezzate e riconosciute dell&#8217;intera riviera romagnola, una giornata esclusivamente dedicata al divertimento ed alla goliardia. A Riccione, perla della Romagna, in <strong>data 16 agosto ed a partire dalle ore 19:30<\/strong>, si terr\u00e0 l&#8217;iniziativa <strong>&#8220;Movida de Pais 2.0&#8221;<\/strong>.<\/p>\n<p><img loading=\"lazy\" decoding=\"async\" class=\"aligncenter size-full wp-image-4694\" src=\"https:\/\/www.minicity.it\/blog\/wp-content\/uploads\/2017\/08\/movida-de-pais.jpg\" alt=\"\" width=\"683\" height=\"413\" \/><\/p>\n<p>Un evento progettato ed organizzato dall&#8217;associazione culturale &#8220;Riccione Paese&#8221; e che racchiuder\u00e0 al proprio interno una vasta ed articolata serie di manifestazioni musicali, culturali e legate all&#8217;enogastronomia, che vedranno come location tre luoghi differenti della cittadina romagnola.<\/p>\n<p>In <strong>Piazza Parri<\/strong>, in pieno centro cittadino, sar\u00e0 possibile, con la musica dei Camomillas, rivivere in prima persona le giocose, allegre e coinvolgenti melodie degli anni 60 e 70, da ballare fino a notte inoltrata.<\/p>\n<p><strong>Piazza dell&#8217;Unit\u00e0<\/strong> che invece si tinger\u00e0 di un genere musicale del tutto particolare, il raggae, in grado di racchiudere al proprio interno ritmicit\u00e0 ed un&#8217;innata sensualit\u00e0. La famosa band di origine riminese dei &#8220;Devon and Jah Brothers&#8221; \u00e8 pronta ad allietare i propri spettatori mediante una vasta raccolta che comprende famosi brani di Bob Marley insieme ad alcuni pezzi del tutto inediti.<\/p>\n<p><strong>Piazza Matteotti<\/strong> sar\u00e0 poi interamente dedicata ad un altro genere musicale, il Jazz, con Clarissa e la sua band. Un piccolo angolo di Riccione che si trasformer\u00e0 per una notte in un&#8217;oasi di assoluta tranquillit\u00e0, dove gustare e godere di melodie rilassanti sotto un cielo stellato.<\/p>\n<p>Ultima tappa vedr\u00e0 Corso Fratelli Cervi fare da sfondo al caratteristico e tradizionale mercatino, dove fare acquisti di tutti i generi e per tutti i gusti.<\/p>\n","protected":false},"excerpt":{"rendered":"<p>In una delle localit&agrave; pi&ugrave; apprezzate e riconosciute dell&rsquo;intera riviera romagnola, una giornata esclusivamente dedicata al divertimento ed alla goliardia. A Riccione, perla della Romagna, in data 16 agosto ed a partire dalle ore 19:30, si terr&agrave; l&rsquo;iniziativa &ldquo;Movida de Pais 2.0&rdquo;. Un evento progettato ed organizzato dall&rsquo;associazione culturale &ldquo;Riccione Paese&rdquo; e che racchiuder&agrave; al &#8230;<a class=\"post-readmore\" href=\"https:\/\/www.minicity.it\/blog\/2017\/08\/movida-de-pais-a-riccione\/\">read more<\/a><\/p>\n","protected":false},"author":1,"featured_media":0,"comment_status":"open","ping_status":"open","sticky":false,"template":"","format":"standard","meta":{"footnotes":""},"categories":[3],"tags":[34],"class_list":["post-4692","post","type-post","status-publish","format-standard","hentry","category-turismo","tag-riccione"],"aioseo_notices":[],"_links":{"self":[{"href":"https:\/\/www.minicity.it\/blog\/wp-json\/wp\/v2\/posts\/4692","targetHints":{"allow":["GET"]}}],"collection":[{"href":"https:\/\/www.minicity.it\/blog\/wp-json\/wp\/v2\/posts"}],"about":[{"href":"https:\/\/www.minicity.it\/blog\/wp-json\/wp\/v2\/types\/post"}],"author":[{"embeddable":true,"href":"https:\/\/www.minicity.it\/blog\/wp-json\/wp\/v2\/users\/1"}],"replies":[{"embeddable":true,"href":"https:\/\/www.minicity.it\/blog\/wp-json\/wp\/v2\/comments?post=4692"}],"version-history":[{"count":0,"href":"https:\/\/www.minicity.it\/blog\/wp-json\/wp\/v2\/posts\/4692\/revisions"}],"wp:attachment":[{"href":"https:\/\/www.minicity.it\/blog\/wp-json\/wp\/v2\/media?parent=4692"}],"wp:term":[{"taxonomy":"category","embeddable":true,"href":"https:\/\/www.minicity.it\/blog\/wp-json\/wp\/v2\/categories?post=4692"},{"taxonomy":"post_tag","embeddable":true,"href":"https:\/\/www.minicity.it\/blog\/wp-json\/wp\/v2\/tags?post=4692"}],"curies":[{"name":"wp","href":"https:\/\/api.w.org\/{rel}","templated":true}]}}