{"id":4697,"date":"2017-09-11T07:48:36","date_gmt":"2017-09-11T07:48:36","guid":{"rendered":"https:\/\/www.minicity.it\/blog\/?p=4697"},"modified":"2017-09-11T07:48:36","modified_gmt":"2017-09-11T07:48:36","slug":"sagra-musicale-malatestiana-68-edizione-del-festival-sinfonico","status":"publish","type":"post","link":"https:\/\/www.minicity.it\/blog\/2017\/09\/sagra-musicale-malatestiana-68-edizione-del-festival-sinfonico\/","title":{"rendered":"SAGRA MUSICALE MALATESTIANA 68\u00b0 edizione del Festival sinfonico"},"content":{"rendered":"<p>La <strong>Sagra Musicale Malatestiana di Rimini<\/strong> \u00e8 giunta alla sua <strong>68\u00b0 edizione<\/strong> e si riconferma una delle pi\u00f9 antiche e prestigiose rassegne musicali a livello nazionale: <strong>fino al 3 dicembre il Palazzo dei Congressi di Rimini<\/strong> ospita questa rinomata manifestazione musicale che vede come protagonisti grandi artisti internazionali, orchestre sinfoniche con famosi direttori e solisti, ma anche progetti originali che sposano la musica con le altre arti a 360\u00b0.<\/p>\n<p>La Sagra Musicale Malatestiana da sempre propone un ricchissimo cartellone dedicato a tutto il mondo della musica: il festival si apre all\u2019insegna del Novecento con l\u2019opera Cimarron di Hans Werner Henze, prosegue con la rassegna dei Concerti della Domenica dove si potranno ascoltare le opere di Bach eseguite al pianoforte da Angela Hewitt, gli appuntamenti sinfonici con direttori di grandissimo rilievo internazionale come Yuri Temirkanov e Juraj Val\u010duha, le prestigiose orchestre come l\u2019Academy of St Martin in the Fields e la Filarmonica di San Pietroburgo e i solisti come Daniel Hope e Leticia Moreno.<\/p>\n<p>Quest\u2019anno ricorre anche il quattrocentocinquantesimo anniversario della nascita del grande Maestro Claudio Monteverdi, e per l\u2019occasione la Sagra Musicale Malatestiana presenta un nuovo progetto teatrale, oltre ad un omaggio a Sigismondo Pandolfo Malatesta per il seicentesimo anniversario della sua nascita.<\/p>\n<p>Da dieci anni la Sagra Musicale Malatestiana propone il \u201cProgetto Mentore\u201d con l&#8217;obiettivo di coinvolgere, oltre ai numerosi fruitori della musica &#8220;classica&#8221;, anche coloro che non hanno mai avuto l&#8217;opportunit\u00e0 o la curiosit\u00e0 per assistere dal vivo ad un grande concerto sinfonico. In particolare si \u00e8 voluto sensibilizzare il pubblico giovanile: il Progetto Mentore consiste infatti nell&#8217;adozione musicale di ragazzi, da parte di aziende, imprese o singoli cittadini, regalando loro la possibilit\u00e0 di partecipare a conferenze e ad incontri con i musicisti, ed offrendo loro l&#8217;abbonamento al ciclo di concerti sinfonici che si svolgono presso l&#8217;Auditorium del Palacongressi di Rimini.<\/p>\n<p>Informazioni: <a href=\"http:\/\/www.sagramusicalemalatestiana.it\/\"><strong>www.sagramusicalemalatestiana.it<\/strong><\/a><\/p>\n","protected":false},"excerpt":{"rendered":"<p>La Sagra Musicale Malatestiana di Rimini &egrave; giunta alla sua 68&deg; edizione e si riconferma una delle pi&ugrave; antiche e prestigiose rassegne musicali a livello nazionale: fino al 3 dicembre il Palazzo dei Congressi di Rimini ospita questa rinomata manifestazione musicale che vede come protagonisti grandi artisti internazionali, orchestre sinfoniche con famosi direttori e solisti, &#8230;<a class=\"post-readmore\" href=\"https:\/\/www.minicity.it\/blog\/2017\/09\/sagra-musicale-malatestiana-68-edizione-del-festival-sinfonico\/\">read more<\/a><\/p>\n","protected":false},"author":1,"featured_media":0,"comment_status":"open","ping_status":"open","sticky":false,"template":"","format":"standard","meta":{"footnotes":""},"categories":[3],"tags":[39,10],"class_list":["post-4697","post","type-post","status-publish","format-standard","hentry","category-turismo","tag-concerti","tag-rimini"],"aioseo_notices":[],"_links":{"self":[{"href":"https:\/\/www.minicity.it\/blog\/wp-json\/wp\/v2\/posts\/4697","targetHints":{"allow":["GET"]}}],"collection":[{"href":"https:\/\/www.minicity.it\/blog\/wp-json\/wp\/v2\/posts"}],"about":[{"href":"https:\/\/www.minicity.it\/blog\/wp-json\/wp\/v2\/types\/post"}],"author":[{"embeddable":true,"href":"https:\/\/www.minicity.it\/blog\/wp-json\/wp\/v2\/users\/1"}],"replies":[{"embeddable":true,"href":"https:\/\/www.minicity.it\/blog\/wp-json\/wp\/v2\/comments?post=4697"}],"version-history":[{"count":0,"href":"https:\/\/www.minicity.it\/blog\/wp-json\/wp\/v2\/posts\/4697\/revisions"}],"wp:attachment":[{"href":"https:\/\/www.minicity.it\/blog\/wp-json\/wp\/v2\/media?parent=4697"}],"wp:term":[{"taxonomy":"category","embeddable":true,"href":"https:\/\/www.minicity.it\/blog\/wp-json\/wp\/v2\/categories?post=4697"},{"taxonomy":"post_tag","embeddable":true,"href":"https:\/\/www.minicity.it\/blog\/wp-json\/wp\/v2\/tags?post=4697"}],"curies":[{"name":"wp","href":"https:\/\/api.w.org\/{rel}","templated":true}]}}