{"id":4705,"date":"2017-10-19T06:48:53","date_gmt":"2017-10-19T06:48:53","guid":{"rendered":"https:\/\/www.minicity.it\/blog\/?p=4705"},"modified":"2017-10-19T06:48:53","modified_gmt":"2017-10-19T06:48:53","slug":"terre-del-futuro-nove-parole-per-guardare-lontano","status":"publish","type":"post","link":"https:\/\/www.minicity.it\/blog\/2017\/10\/terre-del-futuro-nove-parole-per-guardare-lontano\/","title":{"rendered":"Terre del Futuro. Nove parole per guardare lontano"},"content":{"rendered":"<p><strong>Rassegna filosofica autunnale.\u00a0<\/strong>Presso il <strong>Cinema Teatro Astra di Misano Adriatico (RN)<\/strong> torna la manifestazione che ogni anno propone un ricco cartellone di incontri con filosofi, giornalisti e uomini di cultura seguiti da un pubblico sempre pi\u00f9 numeroso. La rassegna filosofica \u00e8 pensata come un viaggio verso l\u2019ignoto, e cio\u00e8 l\u2019avvenire, non tanto per fare delle \u201cprevisioni\u201d, quanto, piuttosto, per interrogarsi sui cambiamenti in atto, immaginando il futuro per comprendere meglio il presente.<\/p>\n<p><strong>Venerd\u00ec 27 ottobre<\/strong><br \/>\nIl filosofo Carlo Sini riflette sull\u2019importanza della memoria e del ricordo: in una societ\u00e0 frenetica l\u2019oblio pu\u00f2 essere deleterio, la memoria \u00e8 infatti una facolt\u00e0 imprescindibile, e per evitare che la civilt\u00e0 regredisca \u00e8 necessario riconoscere e diventare consapevoli.<\/p>\n<p><strong>Venerd\u00ec 3 novembre<\/strong><br \/>\nIl filosofo Salvatore Natoli, dedicher\u00e0 attenzione alla fiducia che sta venendo sempre pi\u00f9 a mancare nella societ\u00e0, e ci\u00f2 significa non avere prospettive per il futuro.<\/p>\n<p><strong>Venerd\u00ec 10 novembre<\/strong><br \/>\nL&#8217;economista Stefano Zamagni parler\u00e0 della ricerca della felicit\u00e0, un diritto per tutti, ma in quanto \u201cfelicit\u00e0 sostenibile\u201d, in cui il benessere proprio ed altrui coincidono.<\/p>\n<p><strong>Mercoled\u00ec 15 novembre<\/strong><br \/>\nIl filosofo Massimo Cacciari si occuper\u00e0 di \u201cumanesimo\u201d, distinguendo tra pensiero e destino, tra ci\u00f2 che compete all&#8217;uomo e quel che invece trascende da lui, ripensando l&#8217;umanesimo in termini di limiti e non solo di capacit\u00e0.<\/p>\n<p><strong>Venerd\u00ec 17 novembre<\/strong><br \/>\nNicola Mai, sociologo e antropologo dell&#8217;universit\u00e0 di Kingston, si occuper\u00e0 del fenomeno dell&#8217;immigrazione animato dalla speranza: i sensazionalismi mediatici descrivono i migranti come vittime e schiavi, mentre si ripercorreranno i loro viaggi raccontando i loro sogni e le motivazioni che li inducono a partire.<\/p>\n<p><strong>Venerd\u00ec 24 novembre<\/strong><br \/>\nMichela Marzano, filosofa, politica, saggista e accademica, conclude la rassegna con un incontro dedicato all\u2019amore, il motore che, pi\u00f9 di ogni sentimento o interesse, contribuisce a determinare ogni scelta.<\/p>\n<p>Informazioni: Associazione Culturale Effetto Notte \u2013 Teatro Astra, Via Gabriele D\u2019Annunzio, 20 \u2013 Misano Adriatico; Tel.: 347.5974982 \u2013 349.1021902<\/p>\n","protected":false},"excerpt":{"rendered":"<p>Rassegna filosofica autunnale.&nbsp;Presso il Cinema Teatro Astra di Misano Adriatico (RN) torna la manifestazione che ogni anno propone un ricco cartellone di incontri con filosofi, giornalisti e uomini di cultura seguiti da un pubblico sempre pi&ugrave; numeroso. La rassegna filosofica &egrave; pensata come un viaggio verso l&rsquo;ignoto, e cio&egrave; l&rsquo;avvenire, non tanto per fare delle &#8230;<a class=\"post-readmore\" href=\"https:\/\/www.minicity.it\/blog\/2017\/10\/terre-del-futuro-nove-parole-per-guardare-lontano\/\">read more<\/a><\/p>\n","protected":false},"author":1,"featured_media":0,"comment_status":"open","ping_status":"open","sticky":false,"template":"","format":"standard","meta":{"footnotes":""},"categories":[3],"tags":[36],"class_list":["post-4705","post","type-post","status-publish","format-standard","hentry","category-turismo","tag-misano-adriatico"],"aioseo_notices":[],"_links":{"self":[{"href":"https:\/\/www.minicity.it\/blog\/wp-json\/wp\/v2\/posts\/4705","targetHints":{"allow":["GET"]}}],"collection":[{"href":"https:\/\/www.minicity.it\/blog\/wp-json\/wp\/v2\/posts"}],"about":[{"href":"https:\/\/www.minicity.it\/blog\/wp-json\/wp\/v2\/types\/post"}],"author":[{"embeddable":true,"href":"https:\/\/www.minicity.it\/blog\/wp-json\/wp\/v2\/users\/1"}],"replies":[{"embeddable":true,"href":"https:\/\/www.minicity.it\/blog\/wp-json\/wp\/v2\/comments?post=4705"}],"version-history":[{"count":0,"href":"https:\/\/www.minicity.it\/blog\/wp-json\/wp\/v2\/posts\/4705\/revisions"}],"wp:attachment":[{"href":"https:\/\/www.minicity.it\/blog\/wp-json\/wp\/v2\/media?parent=4705"}],"wp:term":[{"taxonomy":"category","embeddable":true,"href":"https:\/\/www.minicity.it\/blog\/wp-json\/wp\/v2\/categories?post=4705"},{"taxonomy":"post_tag","embeddable":true,"href":"https:\/\/www.minicity.it\/blog\/wp-json\/wp\/v2\/tags?post=4705"}],"curies":[{"name":"wp","href":"https:\/\/api.w.org\/{rel}","templated":true}]}}