{"id":4732,"date":"2018-04-19T12:43:09","date_gmt":"2018-04-19T12:43:09","guid":{"rendered":"https:\/\/www.minicity.it\/blog\/?p=4732"},"modified":"2018-04-20T14:35:50","modified_gmt":"2018-04-20T14:35:50","slug":"festa-di-primavera-saluserbe","status":"publish","type":"post","link":"https:\/\/www.minicity.it\/blog\/2018\/04\/festa-di-primavera-saluserbe\/","title":{"rendered":"Festa di primavera: SALUSERBE"},"content":{"rendered":"<p><strong><img loading=\"lazy\" decoding=\"async\" class=\"aligncenter size-full wp-image-4733\" src=\"https:\/\/www.minicity.it\/blog\/wp-content\/uploads\/2018\/04\/saluserbe-2018.jpg\" alt=\"\" width=\"600\" height=\"404\" \/><\/strong><\/p>\n<p><strong>Festa di primavera<\/strong><\/p>\n<p>La <strong>XXXI edizione<\/strong> della ormai rinomata manifestazione <strong>Saluserbe<\/strong> si svolger\u00e0 dal 21 al 25 aprile torna nel centro storico dello splendido borgo dell\u2019entroterra romagnolo: con l\u2019arrivo della primavera torna come ogni anno il classico appuntamento dedicato all&#8217;erboristeria, l\u2019alimentazione naturale e biologica, le medicine alternative, la cosmesi naturale, giardinaggio e l\u2019ambiente in generale. Saluserbe richiama sempre un grandissimo numero di appassionati dei temi legati al naturale, dai cibi coltivati secondo tradizione, alla cura del corpo con rimedi antichi, senza tralasciare il Mercatino di Primavera che riempie di stand le vie e le piazze del borgo, che per l\u2019occasione acquistano nuovi nomi, da La Via delle Erbe e della Salute a La Contrada delle Piante, da<\/p>\n<p>La Strada delle Officine a La Piazza dei Sapori, da La Strada delle Eccellenze al Vicolo delle Solidariet\u00e0. Tanti punti ristoro con specialit\u00e0 enogastronomiche, men\u00f9 a tema dedicati ai cibi naturali e alle delizie biologiche e di stagione, per accontentare anche i palati pi\u00f9 esigenti dei visitatori. Sempre numerosissimo il pubblico che non manca ogni anno di ravvivare questo appuntamento imperdibile, tradizionale e nello stesso tempo moderno, nel calendario primaverile degli eventi turistico-culturali della Provincia di Rimini e della Regione Emilia-Romagna.<\/p>\n<p>Quest\u2019anno Saluserbe \u00e8 dedicato alla Madre Terra, spaziando fino alle radici pi\u00f9 profonde come elementi di radicamento e di tradizione. L\u2019ampio programma della manifestazione \u00e8 rivolto sia agli specialisti che ai semplici appassionati e curiosi di questo settore, che potranno partecipare a incontri di carattere specialistico, workshop e mostre, e tantissimi saranno anche gli eventi, tra musica, spettacoli e teatro di strada, che animeranno il centro storico di Saludecio durante i pomeriggi dell\u2019evento. Saluserbe, inaugurato nel 1988, si \u00e8 diventato una delle manifestazioni pi\u00f9 importanti del panorama regionale dedicate al mondo dell\u2019erboristeria, dell\u2019agricoltura biologica, dell&#8217;alimentazione naturale, delle medicine alternative, e dell&#8217;ambiente in generale. Il Mercatino di Primavera si snoder\u00e0 come ogni anno lungo le vie e le piazze del borgo, rinominate per l\u2019occasione: da La Via delle Erbe e della Salute a La Contrada delle Piante, da La Strada delle Officine a La Piazza dei Sapori, da La Strada delle Eccellenze al Parco della Pace per estendersi fuori Porta Montanara nel Parco della Rimembranza e nel Giardino dei Profumi.<\/p>\n<p><strong>Info e prenotazioni:<\/strong><\/p>\n<p>Comune di Saludecio \u2013 Piazza Beato Amato Ronconi, 1 \u2013 47835 Saludecio (RN):<\/p>\n<p>Ufficio Cultura e Turismo 0541 869719 &#8211; <a href=\"http:\/\/www.comunesaludecio.it\"><strong>www.comunesaludecio.it<\/strong><\/a><\/p>\n","protected":false},"excerpt":{"rendered":"<p>Festa di primavera La XXXI edizione della ormai rinomata manifestazione Saluserbe si svolger&agrave; dal 21 al 25 aprile torna nel centro storico dello splendido borgo dell&rsquo;entroterra romagnolo: con l&rsquo;arrivo della primavera torna come ogni anno il classico appuntamento dedicato all&rsquo;erboristeria, l&rsquo;alimentazione naturale e biologica, le medicine alternative, la cosmesi naturale, giardinaggio e l&rsquo;ambiente in generale. &#8230;<a class=\"post-readmore\" href=\"https:\/\/www.minicity.it\/blog\/2018\/04\/festa-di-primavera-saluserbe\/\">read more<\/a><\/p>\n","protected":false},"author":1,"featured_media":0,"comment_status":"open","ping_status":"open","sticky":false,"template":"","format":"standard","meta":{"footnotes":""},"categories":[3],"tags":[10],"class_list":["post-4732","post","type-post","status-publish","format-standard","hentry","category-turismo","tag-rimini"],"aioseo_notices":[],"_links":{"self":[{"href":"https:\/\/www.minicity.it\/blog\/wp-json\/wp\/v2\/posts\/4732","targetHints":{"allow":["GET"]}}],"collection":[{"href":"https:\/\/www.minicity.it\/blog\/wp-json\/wp\/v2\/posts"}],"about":[{"href":"https:\/\/www.minicity.it\/blog\/wp-json\/wp\/v2\/types\/post"}],"author":[{"embeddable":true,"href":"https:\/\/www.minicity.it\/blog\/wp-json\/wp\/v2\/users\/1"}],"replies":[{"embeddable":true,"href":"https:\/\/www.minicity.it\/blog\/wp-json\/wp\/v2\/comments?post=4732"}],"version-history":[{"count":0,"href":"https:\/\/www.minicity.it\/blog\/wp-json\/wp\/v2\/posts\/4732\/revisions"}],"wp:attachment":[{"href":"https:\/\/www.minicity.it\/blog\/wp-json\/wp\/v2\/media?parent=4732"}],"wp:term":[{"taxonomy":"category","embeddable":true,"href":"https:\/\/www.minicity.it\/blog\/wp-json\/wp\/v2\/categories?post=4732"},{"taxonomy":"post_tag","embeddable":true,"href":"https:\/\/www.minicity.it\/blog\/wp-json\/wp\/v2\/tags?post=4732"}],"curies":[{"name":"wp","href":"https:\/\/api.w.org\/{rel}","templated":true}]}}