{"id":4753,"date":"2018-08-08T12:28:50","date_gmt":"2018-08-08T12:28:50","guid":{"rendered":"https:\/\/www.minicity.it\/blog\/?p=4753"},"modified":"2018-08-08T12:28:50","modified_gmt":"2018-08-08T12:28:50","slug":"il-palio-del-daino-mondaino-2018","status":"publish","type":"post","link":"https:\/\/www.minicity.it\/blog\/2018\/08\/il-palio-del-daino-mondaino-2018\/","title":{"rendered":"Il Palio del Daino Mondaino 2018"},"content":{"rendered":"<p><strong><img loading=\"lazy\" decoding=\"async\" class=\"aligncenter size-full wp-image-4755\" src=\"https:\/\/www.minicity.it\/blog\/wp-content\/uploads\/2018\/08\/palio-de-lo-daino.jpg\" alt=\"\" width=\"600\" height=\"351\" \/>Dal 16 al 19 agosto 2018<\/strong> a <strong>Mondaino<\/strong> avr\u00e0 luogo il tradizionale <strong>Palio del Daino<\/strong>. Per chi non lo sapesse, la localit\u00e0 di Mondaino \u00e8 situata nel cuore della Romagna a poco meno di 20 km dalla citt\u00e0 di Cattolica. Raggiungere Mondaino da Cattolica e dalle altre localit\u00e0 della costa e dell\u2019entroterra romagnolo \u00e8 facilissimo e le attrazioni sono decisamente moltissime.<\/p>\n<p>Per quanto riguarda il palio, le <strong>contrade in gara sono ben 4<\/strong>: Borgo, Mondaino, Montebello e Contado. In occasione del palio, queste 4 contrade si sfideranno e verranno sostenute dalle relative tifoserie che, come ogni anno, non faranno mancare il loro calore.<\/p>\n<p>Dal 1988 ad oggi, questo palio si \u00e8 trasformato in una vera e propria tradizione a cui \u00e8 assolutamente impossibile mancare. Tra le altre cose, \u00e8 bene ricordare che i ragazzi al di sotto dei 14 anni entrano gratuitamente e che per gli adulti il costo del biglietto \u00e8 di 10 euro. Ogni giorno, poi, sono in programma moltissimi spettacoli e rievocazioni storiche del \u2018500.<\/p>\n<p>Di sicuro, le sfilate dei cortei sono assolutamente imperdibile come, del resto, le cene con cibi e bevande a tema. Insomma, a Mondaino in occasione del palio non ci sar\u00e0 certo da annoiarsi. Non resta altro da fare, dunque, che prenotare, fare i bagagli e partire.<\/p>\n<p>Tra l&#8217;altro, \u00e8 bene tenere conto del fatto che, essendo un periodo di alta stagione, la Romagna potrebbe registrare il tutto esaurito proprio nei giorni della festa. Per tale ragione, tutti coloro che hanno intenzione di prendere parte ai festeggiamenti per il palio dovrebbero cercare di organizzarsi per tempo e prenotare in anticipo. In questo modo, potranno evitare di dover andare alla ricerca di una struttura alberghiera non troppo vicina al luogo dell&#8217;evento.<\/p>\n<p>In ultimo, \u00e8 bene ricordare che a non mancare sar\u00e0 il divertimento per grandi e piccini e che, dopo aver partecipato ai festeggiamenti per il palio, si avr\u00e0 anche la possibilit\u00e0 di partire alla volta delle bellissime localit\u00e0 della Romagna che, soprattutto in estate, sono considerate tra le mete pi\u00f9 amate dai turisti provenienti da ogni parte del mondo che hanno intenzione di scoprire tutte le bellezze del nostro bel Paese.<\/p>\n","protected":false},"excerpt":{"rendered":"<p>Dal 16 al 19 agosto 2018 a Mondaino avr&agrave; luogo il tradizionale Palio del Daino. Per chi non lo sapesse, la localit&agrave; di Mondaino &egrave; situata nel cuore della Romagna a poco meno di 20 km dalla citt&agrave; di Cattolica. Raggiungere Mondaino da Cattolica e dalle altre localit&agrave; della costa e dell&rsquo;entroterra romagnolo &egrave; facilissimo &#8230;<a class=\"post-readmore\" href=\"https:\/\/www.minicity.it\/blog\/2018\/08\/il-palio-del-daino-mondaino-2018\/\">read more<\/a><\/p>\n","protected":false},"author":1,"featured_media":0,"comment_status":"open","ping_status":"open","sticky":false,"template":"","format":"standard","meta":{"footnotes":""},"categories":[3],"tags":[70,33],"class_list":["post-4753","post","type-post","status-publish","format-standard","hentry","category-turismo","tag-eventi","tag-eventi-riviera"],"aioseo_notices":[],"_links":{"self":[{"href":"https:\/\/www.minicity.it\/blog\/wp-json\/wp\/v2\/posts\/4753","targetHints":{"allow":["GET"]}}],"collection":[{"href":"https:\/\/www.minicity.it\/blog\/wp-json\/wp\/v2\/posts"}],"about":[{"href":"https:\/\/www.minicity.it\/blog\/wp-json\/wp\/v2\/types\/post"}],"author":[{"embeddable":true,"href":"https:\/\/www.minicity.it\/blog\/wp-json\/wp\/v2\/users\/1"}],"replies":[{"embeddable":true,"href":"https:\/\/www.minicity.it\/blog\/wp-json\/wp\/v2\/comments?post=4753"}],"version-history":[{"count":0,"href":"https:\/\/www.minicity.it\/blog\/wp-json\/wp\/v2\/posts\/4753\/revisions"}],"wp:attachment":[{"href":"https:\/\/www.minicity.it\/blog\/wp-json\/wp\/v2\/media?parent=4753"}],"wp:term":[{"taxonomy":"category","embeddable":true,"href":"https:\/\/www.minicity.it\/blog\/wp-json\/wp\/v2\/categories?post=4753"},{"taxonomy":"post_tag","embeddable":true,"href":"https:\/\/www.minicity.it\/blog\/wp-json\/wp\/v2\/tags?post=4753"}],"curies":[{"name":"wp","href":"https:\/\/api.w.org\/{rel}","templated":true}]}}