{"id":4757,"date":"2018-08-08T13:08:44","date_gmt":"2018-08-08T13:08:44","guid":{"rendered":"https:\/\/www.minicity.it\/blog\/?p=4757"},"modified":"2018-08-08T13:08:44","modified_gmt":"2018-08-08T13:08:44","slug":"cervia-citta-giardino","status":"publish","type":"post","link":"https:\/\/www.minicity.it\/blog\/2018\/08\/cervia-citta-giardino\/","title":{"rendered":"Cervia Citt\u00e0 Giardino"},"content":{"rendered":"<p><img loading=\"lazy\" decoding=\"async\" class=\"aligncenter size-full wp-image-4759\" src=\"https:\/\/www.minicity.it\/blog\/wp-content\/uploads\/2018\/08\/cervia-citta-giardino-2018.jpg\" alt=\"\" width=\"800\" height=\"378\" \/>Vi piacerebbe passeggiare in una citt\u00e0 giardino dove i vostri occhi possono perdersi in meravigliose sculture verdi, aiuole piene di ogni tipo di fiori, prati erbosi da farvi venire la voglia di camminare a piedi nudi, magari gustando un gelato che sa di fiori o poter acquistare ogni tipo di pianta per il proprio giardino o balcone? Allora il posto che dovete assolutamente visitare da Maggio a Settembre \u00e8 il <strong>Comune di Cervia<\/strong>.<\/p>\n<p>Per tutti gli appassionati di giardinaggio ogni anno a Cervia, comune in provincia di Ravenna, si tiene la manifestazione &#8220;Cervia citt\u00e0 giardino&#8221; quest&#8217;anno giunta alla 46\u00b0 edizione, il pi\u00f9 importante evento dedicato all&#8217;architettura del verde in Europa.<\/p>\n<p><strong>Da Maggio a Settembre<\/strong> si riuniscono qui ogni anno artisti, appassionati, tecnici giardinieri, architetti di 60 paesi italiani e esteri per creare delle vere e proprie opere d&#8217;arti nell&#8217;aiuole e nei giardini di <strong>Cervia, Milano Marittima, Pinarella e Tagliata<\/strong>.<\/p>\n<p>Vengono impiegate pi\u00f9 di 300.000 piante di fiori e distese di prato erboso arricchito da sculture verdi meravigliose che si possono ammirare lungo le strade della citt\u00e0 regalando la sensazione di passeggiare in uno splendido giardino senza fine.<\/p>\n<p>L&#8217;evento \u00e8 un momento di confronto e sperimentazione di nuove tecniche innovative, arricchito di mostre e workshop su varie tematiche. Obiettivo dell&#8217;evento \u00e8 anche quello di suscitare un particolare interesse per la gestione del verde pubblico e privato, questo renderebbe pi\u00f9 belle e vivibili le nostre citt\u00e0 valorizzandone il patrimonio artistico del bel paese. A tutti piacerebbe di vivere in posti puliti pieni di piante e fiori che rendono l&#8217;animo pi\u00f9 predisposto alla condivisione e all&#8217;amicizia.<\/p>\n<p>Inoltre per tutto il periodo si possono visitare mostre fotografiche e gli stessi locali del posto propongono men\u00f9 a base floreale.<\/p>\n<p>L&#8217;apertura di questi meravigliosi giardini allestiti con amore e maestria avviene a fine Maggio con appuntamenti che coinvolgono tutto il territorio interessato, regalando agli ospiti del luogo un&#8217;atmosfera fiabesca con un esplosione di colori e profumi che inebriano i sensi donando ristoro all&#8217;anima e regalando emozioni al cuore<\/p>\n","protected":false},"excerpt":{"rendered":"<p>Vi piacerebbe passeggiare in una citt&agrave; giardino dove i vostri occhi possono perdersi in meravigliose sculture verdi, aiuole piene di ogni tipo di fiori, prati erbosi da farvi venire la voglia di camminare a piedi nudi, magari gustando un gelato che sa di fiori o poter acquistare ogni tipo di pianta per il proprio giardino &#8230;<a class=\"post-readmore\" href=\"https:\/\/www.minicity.it\/blog\/2018\/08\/cervia-citta-giardino\/\">read more<\/a><\/p>\n","protected":false},"author":1,"featured_media":0,"comment_status":"open","ping_status":"open","sticky":false,"template":"","format":"standard","meta":{"footnotes":""},"categories":[3],"tags":[20,70],"class_list":["post-4757","post","type-post","status-publish","format-standard","hentry","category-turismo","tag-cervia","tag-eventi"],"aioseo_notices":[],"_links":{"self":[{"href":"https:\/\/www.minicity.it\/blog\/wp-json\/wp\/v2\/posts\/4757","targetHints":{"allow":["GET"]}}],"collection":[{"href":"https:\/\/www.minicity.it\/blog\/wp-json\/wp\/v2\/posts"}],"about":[{"href":"https:\/\/www.minicity.it\/blog\/wp-json\/wp\/v2\/types\/post"}],"author":[{"embeddable":true,"href":"https:\/\/www.minicity.it\/blog\/wp-json\/wp\/v2\/users\/1"}],"replies":[{"embeddable":true,"href":"https:\/\/www.minicity.it\/blog\/wp-json\/wp\/v2\/comments?post=4757"}],"version-history":[{"count":0,"href":"https:\/\/www.minicity.it\/blog\/wp-json\/wp\/v2\/posts\/4757\/revisions"}],"wp:attachment":[{"href":"https:\/\/www.minicity.it\/blog\/wp-json\/wp\/v2\/media?parent=4757"}],"wp:term":[{"taxonomy":"category","embeddable":true,"href":"https:\/\/www.minicity.it\/blog\/wp-json\/wp\/v2\/categories?post=4757"},{"taxonomy":"post_tag","embeddable":true,"href":"https:\/\/www.minicity.it\/blog\/wp-json\/wp\/v2\/tags?post=4757"}],"curies":[{"name":"wp","href":"https:\/\/api.w.org\/{rel}","templated":true}]}}