{"id":4806,"date":"2019-09-03T07:25:01","date_gmt":"2019-09-03T07:25:01","guid":{"rendered":"https:\/\/www.minicity.it\/blog\/?p=4806"},"modified":"2019-09-03T07:31:01","modified_gmt":"2019-09-03T07:31:01","slug":"teatro-galli-rimini","status":"publish","type":"post","link":"https:\/\/www.minicity.it\/blog\/2019\/09\/teatro-galli-rimini\/","title":{"rendered":"Una visita al Teatro Galli: tra le 100 esperienze al mondo da vivere nel 2019"},"content":{"rendered":"<h2>Il riconoscimento arriva dal famoso magazine Time di New York che premia la cultura e la storia del teatro riminese<\/h2>\n<p>Avete in programma una <strong>gita a Rimini<\/strong>? Ora avete una motivazione in pi\u00f9, perch\u00e9 se il giornale pi\u00f9 diffuso al mondo inserisce nei <a href=\"https:\/\/time.com\/collection\/worlds-greatest-places-2019\/5654130\/teatro-galli-rimini-italy\/\"><strong>World&#8217;s Greatest Places<\/strong>\u00a0<strong>2019<\/strong><\/a> il <strong>Teatro Amintore Galli<\/strong>, non rimane che organizzarsi.<\/p>\n<p>Dopo una lunga attesa e grazie agli imponenti restauri il teatro riminese \u00e8 tornato sotto i riflettori e dal 28 ottobre ad oggi si contano circa <strong>40.000 presenze<\/strong> fra i numerosi spettacoli di <strong>prosa, opera e concerti<\/strong>. Una rinascita culturale per Rimini ed il suo teatro, che ha ricevuto in questi mesi ospiti di prestigio, come Roberto Bolle, Cecilia Bartoli, Marco Paolini, Luca Carboni, sino al maestro Riccardo Muti con il concerto tenuto alla presenza del Presidente della Repubblica Sergio Mattarella.<\/p>\n<p>Nell&#8217;articolo, il Time identifica un elenco di 100 luoghi al mondo, riconosciuti da giornalisti ed esperti del settore per il grado di <strong>sostenibilit\u00e0, innovazione e qualit\u00e0 artistica<\/strong>, culturale o paesaggistica. In particolare, sostiene il Teatro Galli come esempio di opera riqualificata e valorizzata dopo i bombardamenti della Seconda Guerra Mondiale in cui sono stati ritrovati anche dei reperti archeologici.<\/p>\n<p style=\"text-align: center;\"><a href=\"https:\/\/www.minicity.it\/blog\/wp-content\/uploads\/2019\/09\/teatro-galli-rimini-2.jpg\"><img loading=\"lazy\" decoding=\"async\" class=\"alignnone size-full wp-image-4808\" src=\"https:\/\/www.minicity.it\/blog\/wp-content\/uploads\/2019\/09\/teatro-galli-rimini-2.jpg\" alt=\"teatro amintore galli\" width=\"800\" height=\"390\" \/><\/a><\/p>\n<p>Un orgoglio per tutti i riminesi che, solo nell&#8217;ultimo anno, hanno visto la loro citt\u00e0 fra le mete consigliate da <a href=\"https:\/\/www.forbes.com\/sites\/elvaramirez\/2018\/12\/27\/where-to-travel-in-2019-rimini-italy\/#a1d58edcd7aa\"><strong>Forbes<\/strong><\/a>\u00a0e dalla Lonely Planet, citata fra le destinazioni <a href=\"https:\/\/www.lonelyplanetitalia.it\/articoli\/consigli-di-viaggio\/emilia-romagna-best-in-europe-lonely-planet\"><strong>Best in Europe 2018<\/strong> <\/a>, assieme alla Regione Emilia \u2013 Romagna.<\/p>\n<p>Da non perdere passeggiando per il centro di Rimini, una tappa alla <strong>Domus del Chirurgo<\/strong>, sito archeologico in Piazza Ferrari, ai murales del <strong>Borgo di San Giuliano<\/strong> ispirati alle scene dei film felliniani e una visita al <strong>Cinema Fulgor<\/strong>, tanto caro al regista Federico Fellini e riaperto di recente dopo 5 anni di restauri.<\/p>\n<p>Infine, se non riuscite ad assistere a uno spettacolo al Teatro Galli, potete sempre visitarlo con una guida esperta che vi condurr\u00e0 dietro le quinte di questa imponente opera, svelando aneddoti e portandovi indietro nel tempo. <strong>Tutti i venerd\u00ec sera dal 26 giugno al 13 settembre 2019<\/strong>.<\/p>\n<h3>Per maggiori info:<\/h3>\n<p><a href=\"http:\/\/www.teatrogalli.it\/it\/teatro\/visita-galli\">Visita il sito ufficiale del Teatro Amintore Galli<\/a><br \/>\nTeatro Amintore Galli<br \/>\nPiazza Cavour, 22<br \/>\n47921, Rimini<\/p>\n<p><iframe loading=\"lazy\" style=\"border: 0;\" src=\"https:\/\/www.google.com\/maps\/embed?pb=!1m18!1m12!1m3!1d2867.11506878522!2d12.562941015844846!3d44.0603324791095!2m3!1f0!2f0!3f0!3m2!1i1024!2i768!4f13.1!3m3!1m2!1s0x132cc3a2d92691af%3A0x4a77cb6ac1b4d710!2sTeatro%20Amintore%20Galli!5e0!3m2!1sit!2sit!4v1567495311756!5m2!1sit!2sit\" width=\"600\" height=\"450\" frameborder=\"0\" allowfullscreen=\"allowfullscreen\"><\/iframe><\/p>\n","protected":false},"excerpt":{"rendered":"<p>Il riconoscimento arriva dal famoso magazine Time di New York che premia la cultura e la storia del teatro riminese Avete in programma una gita a Rimini? Ora avete una motivazione in pi&ugrave;, perch&eacute; se il giornale pi&ugrave; diffuso al mondo inserisce nei World&rsquo;s Greatest Places&nbsp;2019 il Teatro Amintore Galli, non rimane che organizzarsi. Dopo &#8230;<a class=\"post-readmore\" href=\"https:\/\/www.minicity.it\/blog\/2019\/09\/teatro-galli-rimini\/\">read more<\/a><\/p>\n","protected":false},"author":8,"featured_media":0,"comment_status":"open","ping_status":"open","sticky":false,"template":"","format":"standard","meta":{"footnotes":""},"categories":[3],"tags":[],"class_list":["post-4806","post","type-post","status-publish","format-standard","hentry","category-turismo"],"aioseo_notices":[],"_links":{"self":[{"href":"https:\/\/www.minicity.it\/blog\/wp-json\/wp\/v2\/posts\/4806","targetHints":{"allow":["GET"]}}],"collection":[{"href":"https:\/\/www.minicity.it\/blog\/wp-json\/wp\/v2\/posts"}],"about":[{"href":"https:\/\/www.minicity.it\/blog\/wp-json\/wp\/v2\/types\/post"}],"author":[{"embeddable":true,"href":"https:\/\/www.minicity.it\/blog\/wp-json\/wp\/v2\/users\/8"}],"replies":[{"embeddable":true,"href":"https:\/\/www.minicity.it\/blog\/wp-json\/wp\/v2\/comments?post=4806"}],"version-history":[{"count":1,"href":"https:\/\/www.minicity.it\/blog\/wp-json\/wp\/v2\/posts\/4806\/revisions"}],"predecessor-version":[{"id":4809,"href":"https:\/\/www.minicity.it\/blog\/wp-json\/wp\/v2\/posts\/4806\/revisions\/4809"}],"wp:attachment":[{"href":"https:\/\/www.minicity.it\/blog\/wp-json\/wp\/v2\/media?parent=4806"}],"wp:term":[{"taxonomy":"category","embeddable":true,"href":"https:\/\/www.minicity.it\/blog\/wp-json\/wp\/v2\/categories?post=4806"},{"taxonomy":"post_tag","embeddable":true,"href":"https:\/\/www.minicity.it\/blog\/wp-json\/wp\/v2\/tags?post=4806"}],"curies":[{"name":"wp","href":"https:\/\/api.w.org\/{rel}","templated":true}]}}