{"id":482,"date":"2011-03-21T10:33:26","date_gmt":"2011-03-21T10:33:26","guid":{"rendered":"https:\/\/www.minicity.it\/blog\/?p=482"},"modified":"2011-03-21T10:33:26","modified_gmt":"2011-03-21T10:33:26","slug":"eventi-one-dimensional-man-a-cesena","status":"publish","type":"post","link":"https:\/\/www.minicity.it\/blog\/2011\/03\/eventi-one-dimensional-man-a-cesena\/","title":{"rendered":"Eventi: One Dimensional Man a Cesena"},"content":{"rendered":"<p><a href=\"https:\/\/www.minicity.it\/blog\/wp-content\/uploads\/2011\/03\/onedimensionalman.jpg\"><img loading=\"lazy\" decoding=\"async\" class=\"alignleft size-full wp-image-483\" title=\"onedimensionalman\" src=\"https:\/\/www.minicity.it\/blog\/wp-content\/uploads\/2011\/03\/onedimensionalman.jpg\" alt=\"\" width=\"150\" height=\"100\" \/><\/a>I <strong>One Dimensional Man<\/strong> si sono riuniti e sono in tour. La famosa band di Giulio Ragno Favero e Pier Paolo Capovilla del Teatro degli Orrori ha annunciato che a giugno 2011 uscir\u00e0 un nuovo album e che dal 14 aprile saranno in concerto arrivando, il 15 aprile, a Cesena al George Best Club. I ODM sono nati nel 1996 e il nome si ispira all&#8217;opera di Herbert Marcuse. Quello in uscita \u00e8 il quinto album della band. Hanno gi\u00e0 all&#8217;attivo numerose tourn\u00e9e in Italia e all&#8217;estero (Berlino, Vienna, Lugano, Bruxelles e Amburgo).<\/p>\n<p><strong>Quando:<\/strong> 15 aprile<\/p>\n<p><strong>Dove:<\/strong> George Best Club, Cesena<\/p>\n<p><strong>Costo:<\/strong> 15 euro<\/p>\n","protected":false},"excerpt":{"rendered":"<p>I One Dimensional Man si sono riuniti e sono in tour. La famosa band di Giulio Ragno Favero e Pier Paolo Capovilla del Teatro degli Orrori ha annunciato che a giugno 2011 uscir&agrave; un nuovo album e che dal 14 aprile saranno in concerto arrivando, il 15 aprile, a Cesena al George Best Club. I &#8230;<a class=\"post-readmore\" href=\"https:\/\/www.minicity.it\/blog\/2011\/03\/eventi-one-dimensional-man-a-cesena\/\">read more<\/a><\/p>\n","protected":false},"author":1,"featured_media":0,"comment_status":"open","ping_status":"open","sticky":false,"template":"","format":"standard","meta":{"footnotes":""},"categories":[3],"tags":[33,24],"class_list":["post-482","post","type-post","status-publish","format-standard","hentry","category-turismo","tag-eventi-riviera","tag-forli-cesena"],"aioseo_notices":[],"_links":{"self":[{"href":"https:\/\/www.minicity.it\/blog\/wp-json\/wp\/v2\/posts\/482","targetHints":{"allow":["GET"]}}],"collection":[{"href":"https:\/\/www.minicity.it\/blog\/wp-json\/wp\/v2\/posts"}],"about":[{"href":"https:\/\/www.minicity.it\/blog\/wp-json\/wp\/v2\/types\/post"}],"author":[{"embeddable":true,"href":"https:\/\/www.minicity.it\/blog\/wp-json\/wp\/v2\/users\/1"}],"replies":[{"embeddable":true,"href":"https:\/\/www.minicity.it\/blog\/wp-json\/wp\/v2\/comments?post=482"}],"version-history":[{"count":0,"href":"https:\/\/www.minicity.it\/blog\/wp-json\/wp\/v2\/posts\/482\/revisions"}],"wp:attachment":[{"href":"https:\/\/www.minicity.it\/blog\/wp-json\/wp\/v2\/media?parent=482"}],"wp:term":[{"taxonomy":"category","embeddable":true,"href":"https:\/\/www.minicity.it\/blog\/wp-json\/wp\/v2\/categories?post=482"},{"taxonomy":"post_tag","embeddable":true,"href":"https:\/\/www.minicity.it\/blog\/wp-json\/wp\/v2\/tags?post=482"}],"curies":[{"name":"wp","href":"https:\/\/api.w.org\/{rel}","templated":true}]}}