{"id":4821,"date":"2019-09-05T10:32:22","date_gmt":"2019-09-05T10:32:22","guid":{"rendered":"https:\/\/www.minicity.it\/blog\/?p=4821"},"modified":"2019-09-05T10:48:43","modified_gmt":"2019-09-05T10:48:43","slug":"al-meni-rimini-gusto-passione-per-la-cucina","status":"publish","type":"post","link":"https:\/\/www.minicity.it\/blog\/2019\/09\/al-meni-rimini-gusto-passione-per-la-cucina\/","title":{"rendered":"Al M\u00e8ni: il gusto e la passione per la cucina a Rimini"},"content":{"rendered":"<p><a href=\"https:\/\/www.minicity.it\/blog\/wp-content\/uploads\/2019\/09\/Al-Meni-Eventi.jpg\"><img loading=\"lazy\" decoding=\"async\" class=\"aligncenter wp-image-4822\" src=\"https:\/\/www.minicity.it\/blog\/wp-content\/uploads\/2019\/09\/Al-Meni-Eventi-1024x390.jpg\" alt=\"\" width=\"680\" height=\"259\" \/><\/a><\/p>\n<p>Nato dal sogno dello <strong>chef Massimo Bottura<\/strong>, <strong>Al M\u00e8ni \u00e8 un \u201ccirco mercato di sapori e cose fatte con le mani e col cuore\u201d<\/strong>.<\/p>\n<p>Il <strong>Parco Federico Fellini<\/strong>, con il Grand Hotel di Rimini sullo sfondo, viene allestito con food truck, bancarelle di artigianato e una grande e colorata tenda da circo, il <strong>Circo 8 e \u00bd<\/strong>.<br \/>\nAll&#8217;interno si riuniscono i pi\u00f9 grandi chef che per l&#8217;occasione <strong>si trasformano in cuochi di strada<\/strong> e si dedicano con passione a preparare<strong> ricette sfiziose con i prodotti locali romagnoli<\/strong>.<\/p>\n<p>Nel 2019 la manifestazione \u00e8 stata inserita nella lista dei <strong>16 migliori eventi dell&#8217;anno di tutto il globo<\/strong> e anno dopo anno vede crescere il numero di visitatori, appassionati di cucina o semplici curiosi.<\/p>\n<p>Creato grazie alla collaborazione di Massimo Bottura, del <strong>Comune di Rimini<\/strong> e della <strong>Regione Emilia-Romagna<\/strong>, l&#8217;evento aderisce con il cuore a <strong>Food for Good<\/strong> l&#8217;iniziativa solidale che ha come obiettivo quello di <strong>recuperare il cibo in eccesso e a donarlo<\/strong> a chi ne ha bisogno.<\/p>\n<p>Al M\u00e8ni non significa solo cucina e cibo gustoso, ma \u00e8 anche un <strong>momento di creativit\u00e0<\/strong>.<br \/>\nAttorno al Circo 8 e \u00bd infatti ti aspetta <b>Matrio\u0161ka<\/b>, il <strong>lab store itinerante dell&#8217;artigianato e del design<\/strong>.<\/p>\n<p>Trovi tutte le informazioni e le novit\u00e0 sull&#8217;evento visitando il sito ufficiale:\u00a0<strong><a href=\"https:\/\/www.almeni.it\/\" target=\"_blank\" rel=\"noopener\">www.almeni.it<\/a><\/strong><\/p>\n<p>Facebook: <strong><a href=\"https:\/\/www.facebook.com\/circomercatoalmeni\/\" target=\"_blank\" rel=\"noopener\">Al M\u00e8ni Rimini<\/a><\/strong><\/p>\n","protected":false},"excerpt":{"rendered":"<p>Nato dal sogno dello chef Massimo Bottura, Al M&egrave;ni &egrave; un &ldquo;circo mercato di sapori e cose fatte con le mani e col cuore&rdquo;. Il Parco Federico Fellini, con il Grand Hotel di Rimini sullo sfondo, viene allestito con food truck, bancarelle di artigianato e una grande e colorata tenda da circo, il Circo 8 &#8230;<a class=\"post-readmore\" href=\"https:\/\/www.minicity.it\/blog\/2019\/09\/al-meni-rimini-gusto-passione-per-la-cucina\/\">read more<\/a><\/p>\n","protected":false},"author":9,"featured_media":0,"comment_status":"open","ping_status":"open","sticky":false,"template":"","format":"standard","meta":{"footnotes":""},"categories":[3],"tags":[54,33,10],"class_list":["post-4821","post","type-post","status-publish","format-standard","hentry","category-turismo","tag-eventi-enogastronomici","tag-eventi-riviera","tag-rimini"],"aioseo_notices":[],"_links":{"self":[{"href":"https:\/\/www.minicity.it\/blog\/wp-json\/wp\/v2\/posts\/4821","targetHints":{"allow":["GET"]}}],"collection":[{"href":"https:\/\/www.minicity.it\/blog\/wp-json\/wp\/v2\/posts"}],"about":[{"href":"https:\/\/www.minicity.it\/blog\/wp-json\/wp\/v2\/types\/post"}],"author":[{"embeddable":true,"href":"https:\/\/www.minicity.it\/blog\/wp-json\/wp\/v2\/users\/9"}],"replies":[{"embeddable":true,"href":"https:\/\/www.minicity.it\/blog\/wp-json\/wp\/v2\/comments?post=4821"}],"version-history":[{"count":5,"href":"https:\/\/www.minicity.it\/blog\/wp-json\/wp\/v2\/posts\/4821\/revisions"}],"predecessor-version":[{"id":4827,"href":"https:\/\/www.minicity.it\/blog\/wp-json\/wp\/v2\/posts\/4821\/revisions\/4827"}],"wp:attachment":[{"href":"https:\/\/www.minicity.it\/blog\/wp-json\/wp\/v2\/media?parent=4821"}],"wp:term":[{"taxonomy":"category","embeddable":true,"href":"https:\/\/www.minicity.it\/blog\/wp-json\/wp\/v2\/categories?post=4821"},{"taxonomy":"post_tag","embeddable":true,"href":"https:\/\/www.minicity.it\/blog\/wp-json\/wp\/v2\/tags?post=4821"}],"curies":[{"name":"wp","href":"https:\/\/api.w.org\/{rel}","templated":true}]}}