{"id":493,"date":"2011-03-23T08:29:40","date_gmt":"2011-03-23T08:29:40","guid":{"rendered":"https:\/\/www.minicity.it\/blog\/?p=493"},"modified":"2011-03-23T08:29:40","modified_gmt":"2011-03-23T08:29:40","slug":"ravenna-rock-svedese-con-i-radio-dept","status":"publish","type":"post","link":"https:\/\/www.minicity.it\/blog\/2011\/03\/ravenna-rock-svedese-con-i-radio-dept\/","title":{"rendered":"Ravenna: rock svedese con i Radio Dept"},"content":{"rendered":"<p><a href=\"https:\/\/www.minicity.it\/blog\/wp-content\/uploads\/2011\/03\/radiodept.jpg\" target=\"_blank\"><img loading=\"lazy\" decoding=\"async\" class=\"alignleft size-full wp-image-494\" style=\"margin: 5px 8px;\" title=\"radiodept\" src=\"https:\/\/www.minicity.it\/blog\/wp-content\/uploads\/2011\/03\/radiodept.jpg\" alt=\"\" width=\"150\" height=\"74\" \/><\/a>Ravenna: rock svedese con i <strong>Radio Dept<\/strong><\/p>\n<p>Il 24 marzo prossimo la band svedese Radio Dept si esibir\u00e0 al Bronson di Ravenna. Attivi ormai da quindici anni sono una delle pop-rock-indi band pi\u00f9 apprezzate del momento. Nell&#8217;aprile 2010 \u00e8 uscito il loro terzo album e ora finalmente si lanciano in un tour europeo. I Radio Dept sono anche noti per una loro fan speciale: la regista Sofia Coppola ha inserito tre loro brani nel suo film &#8220;Marie-Antoinette&#8221;.<\/p>\n<p><strong>Quando:<\/strong> gioved\u00ec 24 marzo<\/p>\n<p><strong>Dove:<\/strong> Bronson di Madonna dell&#8217;Albero<\/p>\n<p><strong>Costo:<\/strong> 20 euro<\/p>\n","protected":false},"excerpt":{"rendered":"<p>Ravenna: rock svedese con i Radio Dept Il 24 marzo prossimo la band svedese Radio Dept si esibir&agrave; al Bronson di Ravenna. Attivi ormai da quindici anni sono una delle pop-rock-indi band pi&ugrave; apprezzate del momento. Nell&rsquo;aprile 2010 &egrave; uscito il loro terzo album e ora finalmente si lanciano in un tour europeo. I Radio &#8230;<a class=\"post-readmore\" href=\"https:\/\/www.minicity.it\/blog\/2011\/03\/ravenna-rock-svedese-con-i-radio-dept\/\">read more<\/a><\/p>\n","protected":false},"author":1,"featured_media":0,"comment_status":"open","ping_status":"open","sticky":false,"template":"","format":"standard","meta":{"footnotes":""},"categories":[3],"tags":[33],"class_list":["post-493","post","type-post","status-publish","format-standard","hentry","category-turismo","tag-eventi-riviera"],"aioseo_notices":[],"_links":{"self":[{"href":"https:\/\/www.minicity.it\/blog\/wp-json\/wp\/v2\/posts\/493","targetHints":{"allow":["GET"]}}],"collection":[{"href":"https:\/\/www.minicity.it\/blog\/wp-json\/wp\/v2\/posts"}],"about":[{"href":"https:\/\/www.minicity.it\/blog\/wp-json\/wp\/v2\/types\/post"}],"author":[{"embeddable":true,"href":"https:\/\/www.minicity.it\/blog\/wp-json\/wp\/v2\/users\/1"}],"replies":[{"embeddable":true,"href":"https:\/\/www.minicity.it\/blog\/wp-json\/wp\/v2\/comments?post=493"}],"version-history":[{"count":0,"href":"https:\/\/www.minicity.it\/blog\/wp-json\/wp\/v2\/posts\/493\/revisions"}],"wp:attachment":[{"href":"https:\/\/www.minicity.it\/blog\/wp-json\/wp\/v2\/media?parent=493"}],"wp:term":[{"taxonomy":"category","embeddable":true,"href":"https:\/\/www.minicity.it\/blog\/wp-json\/wp\/v2\/categories?post=493"},{"taxonomy":"post_tag","embeddable":true,"href":"https:\/\/www.minicity.it\/blog\/wp-json\/wp\/v2\/tags?post=493"}],"curies":[{"name":"wp","href":"https:\/\/api.w.org\/{rel}","templated":true}]}}