{"id":4950,"date":"2022-08-10T09:56:20","date_gmt":"2022-08-10T09:56:20","guid":{"rendered":"https:\/\/www.minicity.it\/blog\/?p=4950"},"modified":"2022-08-10T09:56:20","modified_gmt":"2022-08-10T09:56:20","slug":"il-festival-del-mondo-antico-ottiene-sempre-piu-consenso","status":"publish","type":"post","link":"https:\/\/www.minicity.it\/blog\/2022\/08\/il-festival-del-mondo-antico-ottiene-sempre-piu-consenso\/","title":{"rendered":"Il Festival Del Mondo Antico ottiene sempre pi\u00f9 \u201cConsenso\u201d"},"content":{"rendered":"<p>Si intitola esattamente cos\u00ec \u201c Consenso | Con-senso Propaganda e potere dall\u2019antichit\u00e0 a oggi\u201d la XXIV edizione del <strong>Festival del Mondo Antico<\/strong> che si \u00e8 svolta nel mese di luglio di quest\u2019anno nei suggestivi centri storici di <strong>Rimini<\/strong>, <strong>Riccione<\/strong>, <strong>Cattolica<\/strong>, <strong>Santarcangelo <\/strong>e <strong>Verucchio<\/strong>.<\/p>\n<p><a href=\"https:\/\/www.minicity.it\/blog\/wp-content\/uploads\/2022\/08\/fma2019_logo_0.png\"><img loading=\"lazy\" decoding=\"async\" class=\"size-full wp-image-4952 aligncenter\" src=\"https:\/\/www.minicity.it\/blog\/wp-content\/uploads\/2022\/08\/fma2019_logo_0.png\" alt=\"\" width=\"732\" height=\"337\" \/><\/a><\/p>\n<p>Ogni estate la <strong>Riviera Romagnola<\/strong> si trasforma, come solo lei sa fare, in un palcoscenico dove arte, storia, filosofia, letteratura, sociologia e tutto ci\u00f2 che appartiene di diritto alla cultura, si uniscono in un abbraccio con <strong>spettacolo, intrattenimento e divertimento<\/strong>.<\/p>\n<p>Tanti gli eventi ogni anno in cartellone per questa <strong>rassegna culturale<\/strong>, che spaziano da conferenze stampa, presentazioni di libri, percorsi nei musei della citt\u00e0, ad attivit\u00e0 e laboratori esperienziali anche per i bambini, tutti con un unico tema, che per il 2022 \u00e8 stato appunto quello del consenso, declinato sotto ogni aspetto socio-culturale e antropologico.<\/p>\n<p>Un festival che oggi pu\u00f2 contare su cornici davvero uniche e suggestive, come la <strong>Piazzetta Francesca da Rimini <\/strong>o la <strong>Piazza sull&#8217;Acqua<\/strong> dell\u2019invaso sotto il Ponte di Tiberio, ma anche archeologiche, come la <strong>Domus del Chirurgo<\/strong> in piazza Ferrari, se non artistiche come <strong>PART<\/strong>, i Palazzi dell\u2019Arte Rimini in piazza Cavour, o i tanti <strong>musei del territorio<\/strong>:<\/p>\n<ul>\n<li aria-level=\"1\">Museo della Citt\u00e0 di Rimini \u201cL. Tonini\u201d<\/li>\n<li aria-level=\"1\">MUSAS, Museo Storico Archeologico di Santarcangelo<\/li>\n<li aria-level=\"1\">Museo della Regina di Cattolica<\/li>\n<li aria-level=\"1\">Museo del Territorio di Riccione.<\/li>\n<\/ul>\n<p>Le origini del Festival del Mondo Antico sono datate 1999 con \u201c<strong>Antico\/Presente<\/strong>\u201d, una rassegna di letture e conferenze su testi classici che si tenne nella <strong>Biblioteca Civica Gambalunga<\/strong>. L\u2019allora direttore della biblioteca, nonch\u00e9 dirigente alla Cultura di Rimini, <strong>Marcello di Bella<\/strong>, sapendo cogliere una nuova e crescente richiesta, se non esigenza, sia della cittadinanza, sia di un emergente turismo culturale, si impegn\u00f2 per trasformare suddetto evento culturale in un vero e proprio Festival, format che si concretizz\u00f2 ufficialmente nel 2005.<\/p>\n<p>Nella sua prima edizione il Festival attinse a piene mani da <strong>Ariminum<\/strong>, mettendo in luce i tanti luoghi storici di origine romana che Rimini custodiva inconsapevole, e portando in tavola ricette e sapori dell\u2019<strong>antica Roma<\/strong>. Molte le conferenze, presentazioni, itinerari artistici e storici, ma anche laboratori creativi, ludici e didattici per i bambini, che conobbero un tale successo di pubblico da divenire presto \u201c<strong>Piccolo Mondo Antico Festival<\/strong>\u201d, un festival nel festival.<\/p>\n<p>In questi anni il Festival si \u00e8 trasformato in luogo di scambi culturali, oltre che di eventi, creando un<strong> dialogo vero e plausibile tra passato e presente, guardando al futuro<\/strong>. Leggere la storia, interpretarla, camminarci letteralmente sopra, scoprire la propria citt\u00e0, ma anche la meta preferita di villeggiatura, come luogo artistico e storico d&#8217;eccellenza, vederla trasformarsi, emergere dalle pietre e dai parcheggi fino a poterla ammirare cos\u00ec come \u00e8 oggi, con un centro storico totalmente ristrutturato, con musei ampliati e allestiti anche all\u2019aperto ad hoc, come il <strong>Fellini Museum<\/strong>, non \u00e8 solo motivo di orgoglio, ma anche stimolo di crescita, fonte di studio, presa di coscienza e assunzione di responsabilit\u00e0 di tutte le generazioni.<\/p>\n<p>Scegliere la<strong> Riviera Romagnola per una vacanza estiva in luglio<\/strong>, oggi ha davvero un valore aggiunto, portando i turisti e i cittadini alla scoperta di luoghi davvero magici, come il <strong>Castello degli Agolanti <\/strong>di Riccione o la villanoviana <strong>Verucchio<\/strong>, oltre che di angoli pi\u00f9 reconditi di Rimini. Guardare al futuro senza comprendere il passato e cercando di interpretare il presente non \u00e8 davvero pensabile, chi sceglie di fare<strong> turismo culturale<\/strong> lo sa bene, ecco perch\u00e9 questo Festival \u00e8 diventato un punto di riferimento importante, in continua crescita e ampliamento, che coinvolge tutti i settori della <strong>cultura riminese<\/strong>, pubblici e privati, che si occupano di storia, letteratura, filosofia, archeologia, arte, antropologia, religione, economia.<\/p>\n","protected":false},"excerpt":{"rendered":"<p>Si intitola esattamente cos&igrave; &ldquo; Consenso | Con-senso Propaganda e potere dall&rsquo;antichit&agrave; a oggi&rdquo; la XXIV edizione del Festival del Mondo Antico che si &egrave; svolta nel mese di luglio di quest&rsquo;anno nei suggestivi centri storici di Rimini, Riccione, Cattolica, Santarcangelo e Verucchio. Ogni estate la Riviera Romagnola si trasforma, come solo lei sa fare, &#8230;<a class=\"post-readmore\" href=\"https:\/\/www.minicity.it\/blog\/2022\/08\/il-festival-del-mondo-antico-ottiene-sempre-piu-consenso\/\">read more<\/a><\/p>\n","protected":false},"author":9,"featured_media":0,"comment_status":"open","ping_status":"open","sticky":false,"template":"","format":"standard","meta":{"footnotes":""},"categories":[3],"tags":[],"class_list":["post-4950","post","type-post","status-publish","format-standard","hentry","category-turismo"],"aioseo_notices":[],"_links":{"self":[{"href":"https:\/\/www.minicity.it\/blog\/wp-json\/wp\/v2\/posts\/4950","targetHints":{"allow":["GET"]}}],"collection":[{"href":"https:\/\/www.minicity.it\/blog\/wp-json\/wp\/v2\/posts"}],"about":[{"href":"https:\/\/www.minicity.it\/blog\/wp-json\/wp\/v2\/types\/post"}],"author":[{"embeddable":true,"href":"https:\/\/www.minicity.it\/blog\/wp-json\/wp\/v2\/users\/9"}],"replies":[{"embeddable":true,"href":"https:\/\/www.minicity.it\/blog\/wp-json\/wp\/v2\/comments?post=4950"}],"version-history":[{"count":2,"href":"https:\/\/www.minicity.it\/blog\/wp-json\/wp\/v2\/posts\/4950\/revisions"}],"predecessor-version":[{"id":4953,"href":"https:\/\/www.minicity.it\/blog\/wp-json\/wp\/v2\/posts\/4950\/revisions\/4953"}],"wp:attachment":[{"href":"https:\/\/www.minicity.it\/blog\/wp-json\/wp\/v2\/media?parent=4950"}],"wp:term":[{"taxonomy":"category","embeddable":true,"href":"https:\/\/www.minicity.it\/blog\/wp-json\/wp\/v2\/categories?post=4950"},{"taxonomy":"post_tag","embeddable":true,"href":"https:\/\/www.minicity.it\/blog\/wp-json\/wp\/v2\/tags?post=4950"}],"curies":[{"name":"wp","href":"https:\/\/api.w.org\/{rel}","templated":true}]}}