{"id":496,"date":"2011-03-23T11:00:45","date_gmt":"2011-03-23T11:00:45","guid":{"rendered":"https:\/\/www.minicity.it\/blog\/?p=496"},"modified":"2011-03-23T11:00:45","modified_gmt":"2011-03-23T11:00:45","slug":"il-presidente-napolitano-al-meeting-il-21-agosto","status":"publish","type":"post","link":"https:\/\/www.minicity.it\/blog\/2011\/03\/il-presidente-napolitano-al-meeting-il-21-agosto\/","title":{"rendered":"Il presidente Napolitano al meeting il 21 Agosto"},"content":{"rendered":"<p><a href=\"https:\/\/www.minicity.it\/blog\/wp-content\/uploads\/2011\/03\/giorgionapolitano.jpg\" target=\"_blank\"><img loading=\"lazy\" decoding=\"async\" class=\"alignleft size-full wp-image-497\" style=\"margin: 5px 8px;\" title=\"giorgionapolitano\" src=\"https:\/\/www.minicity.it\/blog\/wp-content\/uploads\/2011\/03\/giorgionapolitano.jpg\" alt=\"\" width=\"150\" height=\"108\" \/><\/a>All&#8217;inaugurazione della 32esima edizione del Meeting che si terr\u00e0 il 21 Agosto ci sar\u00e0 anche il presidente <strong>Giorgio Napolitano<\/strong>..<\/p>\n<p><strong>RIMINI.<\/strong> Il <strong>presidente della Repubblica<\/strong> ha dato la sua disponibilit\u00e0 a partecipare alla 32esima edizione del Meeting in programma il 21 Agosto per l&#8217;inaugurazione della mostra &#8220;150 anni di sussidiariet\u00e0&#8221;.<\/p>\n<p>L&#8217;evento si terr\u00e0 presso <strong>Rimini Fiera<\/strong> dal <strong>21 al 27 Agosto<\/strong> e avr\u00e0 come titolo: &#8220;E l&#8217;esistenza diventa un&#8217;immensa certezza&#8221;. Oltre al presidente della Repubblica, a partecipare ci saranno anche gli onorevoli Maurizio Lupi ed Enrico Letta, rispettivamente il vice presidente della Camera e il vice segretario del Pd.<\/p>\n<p>&#8220;150 anni di sussidiariet\u00e0&#8221;, sar\u00e0 organizzata dal Meeting e dalla Fondazione per la Sussidiariet\u00e0, dove la mostra racconter\u00e0 la storia dell&#8217;Italia con la sua ricchezza fatta di opere, iniziative sociali, inventiva e solidariet\u00e0&#8230;<\/p>\n<p>&nbsp;<\/p>\n","protected":false},"excerpt":{"rendered":"<p>All&rsquo;inaugurazione della 32esima edizione del Meeting che si terr&agrave; il 21 Agosto ci sar&agrave; anche il presidente Giorgio Napolitano.. RIMINI. Il presidente della Repubblica ha dato la sua disponibilit&agrave; a partecipare alla 32esima edizione del Meeting in programma il 21 Agosto per l&rsquo;inaugurazione della mostra &ldquo;150 anni di sussidiariet&agrave;&rdquo;. L&rsquo;evento si terr&agrave; presso Rimini Fiera &#8230;<a class=\"post-readmore\" href=\"https:\/\/www.minicity.it\/blog\/2011\/03\/il-presidente-napolitano-al-meeting-il-21-agosto\/\">read more<\/a><\/p>\n","protected":false},"author":1,"featured_media":0,"comment_status":"open","ping_status":"open","sticky":false,"template":"","format":"standard","meta":{"footnotes":""},"categories":[3],"tags":[33,5,10],"class_list":["post-496","post","type-post","status-publish","format-standard","hentry","category-turismo","tag-eventi-riviera","tag-notizie","tag-rimini"],"aioseo_notices":[],"_links":{"self":[{"href":"https:\/\/www.minicity.it\/blog\/wp-json\/wp\/v2\/posts\/496","targetHints":{"allow":["GET"]}}],"collection":[{"href":"https:\/\/www.minicity.it\/blog\/wp-json\/wp\/v2\/posts"}],"about":[{"href":"https:\/\/www.minicity.it\/blog\/wp-json\/wp\/v2\/types\/post"}],"author":[{"embeddable":true,"href":"https:\/\/www.minicity.it\/blog\/wp-json\/wp\/v2\/users\/1"}],"replies":[{"embeddable":true,"href":"https:\/\/www.minicity.it\/blog\/wp-json\/wp\/v2\/comments?post=496"}],"version-history":[{"count":0,"href":"https:\/\/www.minicity.it\/blog\/wp-json\/wp\/v2\/posts\/496\/revisions"}],"wp:attachment":[{"href":"https:\/\/www.minicity.it\/blog\/wp-json\/wp\/v2\/media?parent=496"}],"wp:term":[{"taxonomy":"category","embeddable":true,"href":"https:\/\/www.minicity.it\/blog\/wp-json\/wp\/v2\/categories?post=496"},{"taxonomy":"post_tag","embeddable":true,"href":"https:\/\/www.minicity.it\/blog\/wp-json\/wp\/v2\/tags?post=496"}],"curies":[{"name":"wp","href":"https:\/\/api.w.org\/{rel}","templated":true}]}}