{"id":521,"date":"2011-03-25T13:19:49","date_gmt":"2011-03-25T13:19:49","guid":{"rendered":"https:\/\/www.minicity.it\/blog\/?p=521"},"modified":"2011-03-25T13:19:49","modified_gmt":"2011-03-25T13:19:49","slug":"sagra-della-seppia-i-ristoranti-ringraziano","status":"publish","type":"post","link":"https:\/\/www.minicity.it\/blog\/2011\/03\/sagra-della-seppia-i-ristoranti-ringraziano\/","title":{"rendered":"Sagra della Seppia: i ristoranti ringraziano&#8230;"},"content":{"rendered":"<p><a href=\"https:\/\/www.minicity.it\/blog\/wp-content\/uploads\/2011\/03\/sagradellaseppia.jpg\" target=\"_blank\"><img loading=\"lazy\" decoding=\"async\" class=\"alignleft size-full wp-image-451\" style=\"margin: 5px 8px;\" title=\"sagradellaseppia\" src=\"https:\/\/www.minicity.it\/blog\/wp-content\/uploads\/2011\/03\/sagradellaseppia.jpg\" alt=\"\" width=\"150\" height=\"100\" \/><\/a>Un grande successo in occasione della <strong>Sagra della Seppia<\/strong> che si \u00e8 svolta a <strong>Cervia<\/strong>, pi\u00f9 precisamente a Pinarella dove i ristoratori ringraziano l&#8217;evento: &#8220;abbiamo lavorato come a Ferragosto&#8221;<\/p>\n<p><strong>CERVIA.<\/strong> Diventato l&#8217;evento del Mese, La Sagra della Seppia a Pinarella ha portato 12mila presenze in pi\u00f9 nella citt\u00e0, portando un po&#8217; di aria per le attivit\u00e0 aperte in questo periodo, come i ristoratori che ringraziano la sagra per averli fatti lavorare come nel periodo do Ferragosto.<\/p>\n<p>Per chi pensava che i turisti corsi in occasione della Sagra e per visitare Cervia sarebbero rimasti a mangiare negli stand della Sagra, si sbagliava! C&#8217;\u00e8 anche chi non si \u00e8 seduto proprio per colpa della fila e ha scelto appunto di mangiare da altre parti optando per Bar, Ristoranti, Gelaterie&#8230;<\/p>\n<p>Le testimonianze che durante la Sagra si \u00e8 lavorato come nel periodo di Ferragosto non sono mancate come la proprietaria del ristorante &#8220;Luciano&#8221; che ringraziano chi ha promosso questo evento a Cervia.<\/p>\n<p>Un evento che \u00e8 stato possibile realizzare grazie a tutta la comunit\u00e0 che si \u00e8 impegnata in questi anni a creare un evento diverso che \u00e8 diventato forse uno dei pi\u00f9 importanti della citt\u00e0. Questa \u00e8 stata una ventata di ottimismo per chi gestisce un&#8217;attivit\u00e0 a Cervia e una conferma che per destagionalizzare il turismo bisogna puntare su eventi nuovi e ben organizzati..<\/p>\n","protected":false},"excerpt":{"rendered":"<p>Un grande successo in occasione della Sagra della Seppia che si &egrave; svolta a Cervia, pi&ugrave; precisamente a Pinarella dove i ristoratori ringraziano l&rsquo;evento: &ldquo;abbiamo lavorato come a Ferragosto&rdquo; CERVIA. Diventato l&rsquo;evento del Mese, La Sagra della Seppia a Pinarella ha portato 12mila presenze in pi&ugrave; nella citt&agrave;, portando un po&rsquo; di aria per le &#8230;<a class=\"post-readmore\" href=\"https:\/\/www.minicity.it\/blog\/2011\/03\/sagra-della-seppia-i-ristoranti-ringraziano\/\">read more<\/a><\/p>\n","protected":false},"author":1,"featured_media":0,"comment_status":"open","ping_status":"open","sticky":false,"template":"","format":"standard","meta":{"footnotes":""},"categories":[3],"tags":[20,33],"class_list":["post-521","post","type-post","status-publish","format-standard","hentry","category-turismo","tag-cervia","tag-eventi-riviera"],"aioseo_notices":[],"_links":{"self":[{"href":"https:\/\/www.minicity.it\/blog\/wp-json\/wp\/v2\/posts\/521","targetHints":{"allow":["GET"]}}],"collection":[{"href":"https:\/\/www.minicity.it\/blog\/wp-json\/wp\/v2\/posts"}],"about":[{"href":"https:\/\/www.minicity.it\/blog\/wp-json\/wp\/v2\/types\/post"}],"author":[{"embeddable":true,"href":"https:\/\/www.minicity.it\/blog\/wp-json\/wp\/v2\/users\/1"}],"replies":[{"embeddable":true,"href":"https:\/\/www.minicity.it\/blog\/wp-json\/wp\/v2\/comments?post=521"}],"version-history":[{"count":0,"href":"https:\/\/www.minicity.it\/blog\/wp-json\/wp\/v2\/posts\/521\/revisions"}],"wp:attachment":[{"href":"https:\/\/www.minicity.it\/blog\/wp-json\/wp\/v2\/media?parent=521"}],"wp:term":[{"taxonomy":"category","embeddable":true,"href":"https:\/\/www.minicity.it\/blog\/wp-json\/wp\/v2\/categories?post=521"},{"taxonomy":"post_tag","embeddable":true,"href":"https:\/\/www.minicity.it\/blog\/wp-json\/wp\/v2\/tags?post=521"}],"curies":[{"name":"wp","href":"https:\/\/api.w.org\/{rel}","templated":true}]}}