{"id":524,"date":"2011-03-28T09:27:26","date_gmt":"2011-03-28T09:27:26","guid":{"rendered":"https:\/\/www.minicity.it\/blog\/?p=524"},"modified":"2011-03-28T09:27:26","modified_gmt":"2011-03-28T09:27:26","slug":"mario-monicelli-in-mostra-a-cesena","status":"publish","type":"post","link":"https:\/\/www.minicity.it\/blog\/2011\/03\/mario-monicelli-in-mostra-a-cesena\/","title":{"rendered":"Mario Monicelli in mostra a Cesena"},"content":{"rendered":"<p><a href=\"https:\/\/www.minicity.it\/blog\/wp-content\/uploads\/2011\/03\/mariomonicelli.jpg\" target=\"_blank\"><img loading=\"lazy\" decoding=\"async\" class=\"alignleft size-thumbnail wp-image-525\" style=\"margin: 5px 8px;\" title=\"mariomonicelli\" src=\"https:\/\/www.minicity.it\/blog\/wp-content\/uploads\/2011\/03\/mariomonicelli-150x150.jpg\" alt=\"\" width=\"150\" height=\"150\" \/><\/a>Da luned\u00ec 28 marzo e fino all&#8217;8 aprile il San Biagio di Cesena dedica <strong>una mostra a Mario Monicelli<\/strong>, il regista della commedia all&#8217;italiana scomparso nel novembre scorso. L&#8217;esposizione vuole celebrare l&#8217;amicizia che legava il regista al Centro Cinema Citt\u00e0 di Cesena e che lo ha visto pi\u00f9 volte ospite della citt\u00e0. Inoltre, dal 6 all&#8217;8 aprile il Backstage Film Festival, sempre a Cesena, dedicher\u00e0 particolare attenzione al regista, presentando, appunto, il film \u201cMario Monicelli a Cesena\u201d.<\/p>\n<p><strong>Dove:<\/strong> Cinema San Biagio, Cesena<\/p>\n<p><strong>Quando:<\/strong> dal 28 marzo all&#8217;8 aprile<\/p>\n","protected":false},"excerpt":{"rendered":"<p>Da luned&igrave; 28 marzo e fino all&rsquo;8 aprile il San Biagio di Cesena dedica una mostra a Mario Monicelli, il regista della commedia all&rsquo;italiana scomparso nel novembre scorso. L&rsquo;esposizione vuole celebrare l&rsquo;amicizia che legava il regista al Centro Cinema Citt&agrave; di Cesena e che lo ha visto pi&ugrave; volte ospite della citt&agrave;. Inoltre, dal 6 &#8230;<a class=\"post-readmore\" href=\"https:\/\/www.minicity.it\/blog\/2011\/03\/mario-monicelli-in-mostra-a-cesena\/\">read more<\/a><\/p>\n","protected":false},"author":1,"featured_media":0,"comment_status":"open","ping_status":"open","sticky":false,"template":"","format":"standard","meta":{"footnotes":""},"categories":[3],"tags":[33,24],"class_list":["post-524","post","type-post","status-publish","format-standard","hentry","category-turismo","tag-eventi-riviera","tag-forli-cesena"],"aioseo_notices":[],"_links":{"self":[{"href":"https:\/\/www.minicity.it\/blog\/wp-json\/wp\/v2\/posts\/524","targetHints":{"allow":["GET"]}}],"collection":[{"href":"https:\/\/www.minicity.it\/blog\/wp-json\/wp\/v2\/posts"}],"about":[{"href":"https:\/\/www.minicity.it\/blog\/wp-json\/wp\/v2\/types\/post"}],"author":[{"embeddable":true,"href":"https:\/\/www.minicity.it\/blog\/wp-json\/wp\/v2\/users\/1"}],"replies":[{"embeddable":true,"href":"https:\/\/www.minicity.it\/blog\/wp-json\/wp\/v2\/comments?post=524"}],"version-history":[{"count":0,"href":"https:\/\/www.minicity.it\/blog\/wp-json\/wp\/v2\/posts\/524\/revisions"}],"wp:attachment":[{"href":"https:\/\/www.minicity.it\/blog\/wp-json\/wp\/v2\/media?parent=524"}],"wp:term":[{"taxonomy":"category","embeddable":true,"href":"https:\/\/www.minicity.it\/blog\/wp-json\/wp\/v2\/categories?post=524"},{"taxonomy":"post_tag","embeddable":true,"href":"https:\/\/www.minicity.it\/blog\/wp-json\/wp\/v2\/tags?post=524"}],"curies":[{"name":"wp","href":"https:\/\/api.w.org\/{rel}","templated":true}]}}