{"id":557,"date":"2011-03-31T07:07:21","date_gmt":"2011-03-31T07:07:21","guid":{"rendered":"https:\/\/www.minicity.it\/blog\/?p=557"},"modified":"2011-03-31T07:07:21","modified_gmt":"2011-03-31T07:07:21","slug":"le-marche-in-america-per-il-lisippo","status":"publish","type":"post","link":"https:\/\/www.minicity.it\/blog\/2011\/03\/le-marche-in-america-per-il-lisippo\/","title":{"rendered":"Le Marche in America per il Lisippo"},"content":{"rendered":"<p><a href=\"https:\/\/www.minicity.it\/blog\/wp-content\/uploads\/2011\/03\/dustinhoffmanmarche.jpg\" target=\"_blank\"><img loading=\"lazy\" decoding=\"async\" class=\"alignleft size-full wp-image-559\" style=\"margin: 5px 8px;\" title=\"dustinhoffmanmarche\" src=\"https:\/\/www.minicity.it\/blog\/wp-content\/uploads\/2011\/03\/dustinhoffmanmarche.jpg\" alt=\"\" width=\"100\" height=\"85\" \/><\/a>Sull&#8217;edizione on line del <strong>Los Angeles Times<\/strong> un articolo racconta la missione di Gian Mario Spacca, presidente della Regione Marche, proprio a Los Angeles.<\/p>\n<p>Il presidente si trova negli Stati Uniti per due motivi: la firma dell&#8217;accordo con Brian Adam e Dustin Hoffman per la nuova campagna pubblicitaria della Regione Marche e la restituzione del Lisippo, che ora si trova al Getty Museum. Secondo quanto riportato dal Los Angeles Times, l&#8217;opera d&#8217;arte potrebbe essere oggetto di <em>\u00abun pi\u00f9 ampio scambio di opere d\u2019arte\u00bb<\/em>. Nessuna decisione sar\u00e0 presa, comunque, prima del pronunciamento di un nuovo giudice italiano sulla questione: nel febbraio scorso, infatti, il Gip di Pesaro, Lorena Mussoni, chiese la confisca della statua, alla quale il Getty Museum ha risposto con un appello.<\/p>\n<p>Ora si aspetta il rinvio a un altro giudice. <em>\u00abNon siamo qui per muovere guerra al Getty. Siamo qui per risolvere la disputa in un modo che vada a vantaggio del museo, del popolo italiano e, cosa pi\u00f9 importante, degli amanti dell\u2019arte in tutto il mondo\u00bb<\/em>, ha dichiarato Gian Mario Spacca. La storia dell&#8217;\u201dAtleta di Fano\u201d, o \u201cAtleta vittorioso\u201d, o \u201cAtleta che si incorona\u201d o \u201cLisippo di Fano\u201d \u00e8 molto complicata e rimonta agli anni Sessanta: la scultura bronzea \u2013 poi identificata come del periodo ellenistico \u2013 \u00e8 stato pescato al largo di Fano in acque forse internazionali, ma da un&#8217;imbarcazione italiana. \u00c8 stato oggetti di mercanteggiamenti al mercato nero finch\u00e9, nel 1977, non \u00e8 stato acquisito dal Getty Museum. Nel 2007 l&#8217;associazione culturale \u201cLe Cento Citt\u00e0\u201d present\u00f2, appunto, un esposto alla procura di Pesaro per violazione delle norme doganali e contrabbando che si sta ancora trascinando.<\/p>\n","protected":false},"excerpt":{"rendered":"<p>Sull&rsquo;edizione on line del Los Angeles Times un articolo racconta la missione di Gian Mario Spacca, presidente della Regione Marche, proprio a Los Angeles. Il presidente si trova negli Stati Uniti per due motivi: la firma dell&rsquo;accordo con Brian Adam e Dustin Hoffman per la nuova campagna pubblicitaria della Regione Marche e la restituzione del &#8230;<a class=\"post-readmore\" href=\"https:\/\/www.minicity.it\/blog\/2011\/03\/le-marche-in-america-per-il-lisippo\/\">read more<\/a><\/p>\n","protected":false},"author":1,"featured_media":0,"comment_status":"open","ping_status":"open","sticky":false,"template":"","format":"standard","meta":{"footnotes":""},"categories":[3],"tags":[32,5],"class_list":["post-557","post","type-post","status-publish","format-standard","hentry","category-turismo","tag-marche","tag-notizie"],"aioseo_notices":[],"_links":{"self":[{"href":"https:\/\/www.minicity.it\/blog\/wp-json\/wp\/v2\/posts\/557","targetHints":{"allow":["GET"]}}],"collection":[{"href":"https:\/\/www.minicity.it\/blog\/wp-json\/wp\/v2\/posts"}],"about":[{"href":"https:\/\/www.minicity.it\/blog\/wp-json\/wp\/v2\/types\/post"}],"author":[{"embeddable":true,"href":"https:\/\/www.minicity.it\/blog\/wp-json\/wp\/v2\/users\/1"}],"replies":[{"embeddable":true,"href":"https:\/\/www.minicity.it\/blog\/wp-json\/wp\/v2\/comments?post=557"}],"version-history":[{"count":0,"href":"https:\/\/www.minicity.it\/blog\/wp-json\/wp\/v2\/posts\/557\/revisions"}],"wp:attachment":[{"href":"https:\/\/www.minicity.it\/blog\/wp-json\/wp\/v2\/media?parent=557"}],"wp:term":[{"taxonomy":"category","embeddable":true,"href":"https:\/\/www.minicity.it\/blog\/wp-json\/wp\/v2\/categories?post=557"},{"taxonomy":"post_tag","embeddable":true,"href":"https:\/\/www.minicity.it\/blog\/wp-json\/wp\/v2\/tags?post=557"}],"curies":[{"name":"wp","href":"https:\/\/api.w.org\/{rel}","templated":true}]}}