{"id":581,"date":"2011-04-01T08:20:43","date_gmt":"2011-04-01T08:20:43","guid":{"rendered":"https:\/\/www.minicity.it\/blog\/?p=581"},"modified":"2011-04-01T08:20:43","modified_gmt":"2011-04-01T08:20:43","slug":"michela-vittoria-brambilla-salveremo-lampedusa","status":"publish","type":"post","link":"https:\/\/www.minicity.it\/blog\/2011\/04\/michela-vittoria-brambilla-salveremo-lampedusa\/","title":{"rendered":"Michela Vittoria Brambilla: \u00abSalveremo Lampedusa\u00bb"},"content":{"rendered":"<p><em><a href=\"https:\/\/www.minicity.it\/blog\/wp-content\/uploads\/2011\/04\/emergenzaprofughi.jpg\" target=\"_blank\"><img loading=\"lazy\" decoding=\"async\" class=\"alignleft size-full wp-image-582\" style=\"margin: 5px 8px;\" title=\"emergenzaprofughi\" src=\"https:\/\/www.minicity.it\/blog\/wp-content\/uploads\/2011\/04\/emergenzaprofughi.jpg\" alt=\"\" width=\"150\" height=\"120\" \/><\/a>\u00abL&#8217;isola di Lampedusa vive di turismo, \u00e8 molto ricca di attrattive turistiche che in questo momento ha subito un grosso danno soprattutto di immagine. Noi contiamo di riuscire a salvare la stagione turistica di Lampedusa che vale pi\u00f9 o meno 50 milioni di euro perch\u00e9 il piano del Governo che il Presidente del Consiglio ha illustrato, prevede lo svuotamento dell&#8217;isola dagli immigrati clandestini\u00bb<\/em>, lo ha detto il Ministro del Turismo, <strong>Michela Vittoria Brambilla<\/strong>, invitata a parlare a Mattino Cinque, la trasmissione mattutina di Canale 5.<\/p>\n<p><strong>L&#8217;emergenza profughi<\/strong> che tocca in primis Lampedusa sta infatti facendo molto discutere, soprattutto ora che sono iniziati i primi trasferimenti di persone al <strong>campo profughi di Manduria<\/strong>, in provincia di Taranto. Ieri sono partiti dall&#8217;isola siciliana le prime 1700 persone, mentre altre 3000 sono ancora su posto. Gli sbarchi, inoltre, continuano. Ora si tratta di somali, eritrei e libici: gente in fuga dalle guerre e che ha diritto allo status di rifugiato politico. Per favorire il rimpatrio dei tunisini il capo del Governo, Silvio Berlusconi, partir\u00e0 per Tunisi per chiedere al nuovo Governo di rispettare gli accordi presi dal precedente e bloccare le partenze.<\/p>\n<p>Per quanto riguarda Lampedusa, invece, Michela Brambilla rassicura che i militari sono al lavoro per sistemare le aree danneggiate: <em>\u00abEntro pochi giorni Lampedusa sar\u00e0 restituita alla sua normalit\u00e0. Da l\u00ec, scatter\u00e0 quello che \u00e8 un piano che abbiamo gi\u00e0 predisposto per promuovere questo bellissimo territorio per tutto quello che sar\u00e0 la stagione estiva ma che contiamo prolungare fino agli inizi dell&#8217;autunno visto che il clima lo permette\u00bb.<\/em><\/p>\n","protected":false},"excerpt":{"rendered":"<p>&laquo;L&rsquo;isola di Lampedusa vive di turismo, &egrave; molto ricca di attrattive turistiche che in questo momento ha subito un grosso danno soprattutto di immagine. Noi contiamo di riuscire a salvare la stagione turistica di Lampedusa che vale pi&ugrave; o meno 50 milioni di euro perch&eacute; il piano del Governo che il Presidente del Consiglio ha &#8230;<a class=\"post-readmore\" href=\"https:\/\/www.minicity.it\/blog\/2011\/04\/michela-vittoria-brambilla-salveremo-lampedusa\/\">read more<\/a><\/p>\n","protected":false},"author":1,"featured_media":0,"comment_status":"open","ping_status":"open","sticky":false,"template":"","format":"standard","meta":{"footnotes":""},"categories":[3],"tags":[5],"class_list":["post-581","post","type-post","status-publish","format-standard","hentry","category-turismo","tag-notizie"],"aioseo_notices":[],"_links":{"self":[{"href":"https:\/\/www.minicity.it\/blog\/wp-json\/wp\/v2\/posts\/581","targetHints":{"allow":["GET"]}}],"collection":[{"href":"https:\/\/www.minicity.it\/blog\/wp-json\/wp\/v2\/posts"}],"about":[{"href":"https:\/\/www.minicity.it\/blog\/wp-json\/wp\/v2\/types\/post"}],"author":[{"embeddable":true,"href":"https:\/\/www.minicity.it\/blog\/wp-json\/wp\/v2\/users\/1"}],"replies":[{"embeddable":true,"href":"https:\/\/www.minicity.it\/blog\/wp-json\/wp\/v2\/comments?post=581"}],"version-history":[{"count":0,"href":"https:\/\/www.minicity.it\/blog\/wp-json\/wp\/v2\/posts\/581\/revisions"}],"wp:attachment":[{"href":"https:\/\/www.minicity.it\/blog\/wp-json\/wp\/v2\/media?parent=581"}],"wp:term":[{"taxonomy":"category","embeddable":true,"href":"https:\/\/www.minicity.it\/blog\/wp-json\/wp\/v2\/categories?post=581"},{"taxonomy":"post_tag","embeddable":true,"href":"https:\/\/www.minicity.it\/blog\/wp-json\/wp\/v2\/tags?post=581"}],"curies":[{"name":"wp","href":"https:\/\/api.w.org\/{rel}","templated":true}]}}