{"id":604,"date":"2011-04-04T08:46:27","date_gmt":"2011-04-04T08:46:27","guid":{"rendered":"https:\/\/www.minicity.it\/blog\/?p=604"},"modified":"2011-04-04T08:46:43","modified_gmt":"2011-04-04T08:46:43","slug":"cervia-torna-il-festival-dellaquilone","status":"publish","type":"post","link":"https:\/\/www.minicity.it\/blog\/2011\/04\/cervia-torna-il-festival-dellaquilone\/","title":{"rendered":"Cervia: torna il Festival dell&#8217;Aquilone"},"content":{"rendered":"<p><a href=\"https:\/\/www.minicity.it\/blog\/wp-content\/uploads\/2011\/04\/festival-aquilone.jpg\" target=\"_blank\"><img loading=\"lazy\" decoding=\"async\" class=\"alignleft size-full wp-image-605\" style=\"margin: 5px 8px;\" title=\"festival-aquilone\" src=\"https:\/\/www.minicity.it\/blog\/wp-content\/uploads\/2011\/04\/festival-aquilone.jpg\" alt=\"\" width=\"200\" height=\"155\" \/><\/a>Dal 22 aprile al 1\u00b0 maggio si terr\u00e0 a <strong>Pinarella di Cervia<\/strong> il tradizionale <strong>Festival Internazionale dell\u2019Aquilone<\/strong>, ormai giunto alla sua 31esima edizione. Sulla spiaggia cittadina, per oltre un chilometro di arenile \u201csfileranno\u201d migliaia di aquiloni in provenienza da ogni parte del mondo, di ogni forma e dimensione: il pi\u00f9 grande fin ora \u00e8 stata una seppia di otto metri, il pi\u00f9 piccolo un aquilone grande come una carta da gioco.<\/p>\n<p>In giornata sono previsti eventi, concerti e manifestazioni. Come ogni anni la \u201cFiera del Vento\u201d accoglier\u00e0 i visitatori tra stand gastronomici, di abbigliamento e di materiale per gli amanti degli aquiloni. Per chi fosse interessato verranno anche organizzati laboratori didattici sia per le scuole che per i singoli curiosi.<\/p>\n<p>Il festival si svolger\u00e0<strong> tutti i giorni dalle 10:00 alle 19:00: sabato 23 e 30 aprile<\/strong> si protrarr\u00e0 anche dalle 21:00 alle 24:00, quando si terranno i due eventi pi\u00f9 spettacolari, \u201cBussa al cielo e ascolta il suono\u201d e \u201cLa Notte dei Miracoli\u201d. L&#8217;ingresso a tutte le manifestazioni \u00e8 gratuito.<\/p>\n<p><strong>Per maggiori informazioni:<\/strong> <a rel=\"nofollow\" href=\"http:\/\/www.festivalinternazionaleaquilone.com\">www.festivalinternazionaleaquilone.com<\/a>.<\/p>\n","protected":false},"excerpt":{"rendered":"<p>Dal 22 aprile al 1&deg; maggio si terr&agrave; a Pinarella di Cervia il tradizionale Festival Internazionale dell&rsquo;Aquilone, ormai giunto alla sua 31esima edizione. Sulla spiaggia cittadina, per oltre un chilometro di arenile &ldquo;sfileranno&rdquo; migliaia di aquiloni in provenienza da ogni parte del mondo, di ogni forma e dimensione: il pi&ugrave; grande fin ora &egrave; stata &#8230;<a class=\"post-readmore\" href=\"https:\/\/www.minicity.it\/blog\/2011\/04\/cervia-torna-il-festival-dellaquilone\/\">read more<\/a><\/p>\n","protected":false},"author":1,"featured_media":0,"comment_status":"open","ping_status":"open","sticky":false,"template":"","format":"standard","meta":{"footnotes":""},"categories":[3],"tags":[20,33],"class_list":["post-604","post","type-post","status-publish","format-standard","hentry","category-turismo","tag-cervia","tag-eventi-riviera"],"aioseo_notices":[],"_links":{"self":[{"href":"https:\/\/www.minicity.it\/blog\/wp-json\/wp\/v2\/posts\/604","targetHints":{"allow":["GET"]}}],"collection":[{"href":"https:\/\/www.minicity.it\/blog\/wp-json\/wp\/v2\/posts"}],"about":[{"href":"https:\/\/www.minicity.it\/blog\/wp-json\/wp\/v2\/types\/post"}],"author":[{"embeddable":true,"href":"https:\/\/www.minicity.it\/blog\/wp-json\/wp\/v2\/users\/1"}],"replies":[{"embeddable":true,"href":"https:\/\/www.minicity.it\/blog\/wp-json\/wp\/v2\/comments?post=604"}],"version-history":[{"count":0,"href":"https:\/\/www.minicity.it\/blog\/wp-json\/wp\/v2\/posts\/604\/revisions"}],"wp:attachment":[{"href":"https:\/\/www.minicity.it\/blog\/wp-json\/wp\/v2\/media?parent=604"}],"wp:term":[{"taxonomy":"category","embeddable":true,"href":"https:\/\/www.minicity.it\/blog\/wp-json\/wp\/v2\/categories?post=604"},{"taxonomy":"post_tag","embeddable":true,"href":"https:\/\/www.minicity.it\/blog\/wp-json\/wp\/v2\/tags?post=604"}],"curies":[{"name":"wp","href":"https:\/\/api.w.org\/{rel}","templated":true}]}}