{"id":611,"date":"2011-04-04T11:44:17","date_gmt":"2011-04-04T11:44:17","guid":{"rendered":"https:\/\/www.minicity.it\/blog\/?p=611"},"modified":"2012-07-13T10:27:31","modified_gmt":"2012-07-13T10:27:31","slug":"acquario-di-cattolica-riapre-nuova-stagione-2011-novita","status":"publish","type":"post","link":"https:\/\/www.minicity.it\/blog\/2011\/04\/acquario-di-cattolica-riapre-nuova-stagione-2011-novita\/","title":{"rendered":"L&#8217;acquario di Cattolica riapre con la nuova stagione 2011"},"content":{"rendered":"<p><a href=\"https:\/\/www.minicity.it\/blog\/wp-content\/uploads\/2011\/04\/acquariiocattolica2011.jpg\"><img loading=\"lazy\" decoding=\"async\" class=\"alignleft size-full wp-image-612\" title=\"acquariiocattolica2011\" src=\"https:\/\/www.minicity.it\/blog\/wp-content\/uploads\/2011\/04\/acquariiocattolica2011.jpg\" alt=\"\" width=\"179\" height=\"257\" \/><\/a>Ha riaperto l&#8217;<a href=\"https:\/\/www.minicity.it\/hotel-acquario-cattolica.html\">Acquario di Cattolica<\/a> per la stagione 2011, dove per il nuovo anno ci saranno anche le Lontre e i Caimani Nani<\/p>\n<p><strong>CATTOLICA.<\/strong> L&#8217;apertura del <strong>Parco le Navi di Cattolica<\/strong> \u00e8 avvenuta venerd\u00ec 1\u00b0 Aprile mostrando al pubblico le sue meraviglie naturali. Dopo un 2010 molto positivo, anche per quest&#8217;anno ci si aspetta un anno importante&#8230;<\/p>\n<p>Nel 2010 le presenze nel parco divertimento sono arrivate a 300.000 segnando un 10\/15% in pi\u00f9 rispetto al 2007 e in termini di fatturato si \u00e8 registrato un 30% in pi\u00f9. Statistiche che dimostrano un continuo miglioramento del parco sia in attrazioni che in qualit\u00e0 e soprattutto si confermano nelle presenze in aumento.<\/p>\n<p>Per il 2011 sono previste alcune novit\u00e0 con nuove specie di animali\u00a0 all&#8217;Acquario&#8230; Nel 2010 erano arrivati i <strong>pinguini di Humbodt<\/strong>, mentre per il 2011 saranno introdotte vasche apposite per ospitare le <strong>lontre asiatiche<\/strong> e i <strong>caimani nani<\/strong> che saranno visibili per il mese di Luglio. Investimento che coster\u00e0 al parco 500 mila euro.<\/p>\n<p>Patrizia Leardini, presidente della Cooperative del Parco Le Navi spiega che per i primi anni ci si \u00e8 concentrati sul rilancio del parco, ora l&#8217;attenzione del parco si sta spostando su progetti etici come <em>&#8220;Salva una specie in pericolo&#8221;<\/em>&#8230;<\/p>\n","protected":false},"excerpt":{"rendered":"<p>Ha riaperto l&rsquo;Acquario di Cattolica per la stagione 2011, dove per il nuovo anno ci saranno anche le Lontre e i Caimani Nani CATTOLICA. L&rsquo;apertura del Parco le Navi di Cattolica &egrave; avvenuta venerd&igrave; 1&deg; Aprile mostrando al pubblico le sue meraviglie naturali. Dopo un 2010 molto positivo, anche per quest&rsquo;anno ci si aspetta un &#8230;<a class=\"post-readmore\" href=\"https:\/\/www.minicity.it\/blog\/2011\/04\/acquario-di-cattolica-riapre-nuova-stagione-2011-novita\/\">read more<\/a><\/p>\n","protected":false},"author":1,"featured_media":0,"comment_status":"open","ping_status":"open","sticky":false,"template":"","format":"standard","meta":{"footnotes":""},"categories":[3],"tags":[37,33],"class_list":["post-611","post","type-post","status-publish","format-standard","hentry","category-turismo","tag-cattolica","tag-eventi-riviera"],"aioseo_notices":[],"_links":{"self":[{"href":"https:\/\/www.minicity.it\/blog\/wp-json\/wp\/v2\/posts\/611","targetHints":{"allow":["GET"]}}],"collection":[{"href":"https:\/\/www.minicity.it\/blog\/wp-json\/wp\/v2\/posts"}],"about":[{"href":"https:\/\/www.minicity.it\/blog\/wp-json\/wp\/v2\/types\/post"}],"author":[{"embeddable":true,"href":"https:\/\/www.minicity.it\/blog\/wp-json\/wp\/v2\/users\/1"}],"replies":[{"embeddable":true,"href":"https:\/\/www.minicity.it\/blog\/wp-json\/wp\/v2\/comments?post=611"}],"version-history":[{"count":0,"href":"https:\/\/www.minicity.it\/blog\/wp-json\/wp\/v2\/posts\/611\/revisions"}],"wp:attachment":[{"href":"https:\/\/www.minicity.it\/blog\/wp-json\/wp\/v2\/media?parent=611"}],"wp:term":[{"taxonomy":"category","embeddable":true,"href":"https:\/\/www.minicity.it\/blog\/wp-json\/wp\/v2\/categories?post=611"},{"taxonomy":"post_tag","embeddable":true,"href":"https:\/\/www.minicity.it\/blog\/wp-json\/wp\/v2\/tags?post=611"}],"curies":[{"name":"wp","href":"https:\/\/api.w.org\/{rel}","templated":true}]}}