{"id":621,"date":"2011-04-05T10:00:58","date_gmt":"2011-04-05T10:00:58","guid":{"rendered":"https:\/\/www.minicity.it\/blog\/?p=621"},"modified":"2012-09-14T12:17:45","modified_gmt":"2012-09-14T12:17:45","slug":"terme-di-cesenatico-slitta-lapertura-del-centro-termale","status":"publish","type":"post","link":"https:\/\/www.minicity.it\/blog\/2011\/04\/terme-di-cesenatico-slitta-lapertura-del-centro-termale\/","title":{"rendered":"Terme di Cesenatico: slitta l&#8217;apertura del centro termale"},"content":{"rendered":"<p><a href=\"https:\/\/www.minicity.it\/blog\/wp-content\/uploads\/2010\/11\/hotel-benessere.jpg\" target=\"_blank\"><img loading=\"lazy\" decoding=\"async\" class=\"alignleft size-full wp-image-190\" style=\"margin: 5px 8px;\" title=\"hotel-benessere\" src=\"https:\/\/www.minicity.it\/blog\/wp-content\/uploads\/2010\/11\/hotel-benessere.jpg\" alt=\"\" width=\"180\" height=\"146\" \/><\/a>Dopo una modifica per quanto riguarda gli aspetti burocratici, si allungano i tempi per le <strong>Terme di Cesenatico<\/strong><\/p>\n<p><strong>CESENATICO.<\/strong> Slitta di 2 mesi la firma per la realizzazione del centro benessere a Cesenatico dopo una modifica di alcuni aspetti procedurali e burocratici. Dopo questo evento la firma per la realizzazione del &#8220;Parco di Levante&#8221; fra il Comune, la Provincia e i privati dovrebbe arrivare per la fine del mese in occasione della pasqua.<\/p>\n<p>Il progetto di realizzare il Centro benessere a Valverde avrebbe dovuto avere inizio gi\u00e0 dal 22 Febbraio, ma con le ultime modifiche procedurali dopo l&#8217;ultimo incontro con gli enti dell&#8217;Ausl, Hera, Arpa si \u00e8 dovuta slittare la data della firma. Le modifiche sono di secondo ordine e non di ordine sostanziale&#8230;<\/p>\n<p>Il progetto di realizzazione per il centro termale di Cesenatico avr\u00e0 una piscina di 1.600 mq che sar\u00e0 in parte costruista all&#8217;esterno e comunicante con la parte interna del centro benessere. Il tutto si estender\u00e0 su una superficie di 5.000 mq con un moderno <a title=\"hotel cesenatico\" href=\"https:\/\/www.minicity.it\/hotel-cesenatico.html\" target=\"_blank\">hotel a Cesenatico<\/a>, 88 bungalow, aree commerciali e di servizio.<\/p>\n<p>Un&#8217;offerta che si allarga per quanto riguarda il settore turistico della citt\u00e0, dove il benessere sta diventando un&#8217;offerta molto gettonata in Riviera..<\/p>\n","protected":false},"excerpt":{"rendered":"<p>Dopo una modifica per quanto riguarda gli aspetti burocratici, si allungano i tempi per le Terme di Cesenatico CESENATICO. Slitta di 2 mesi la firma per la realizzazione del centro benessere a Cesenatico dopo una modifica di alcuni aspetti procedurali e burocratici. Dopo questo evento la firma per la realizzazione del &ldquo;Parco di Levante&rdquo; fra &#8230;<a class=\"post-readmore\" href=\"https:\/\/www.minicity.it\/blog\/2011\/04\/terme-di-cesenatico-slitta-lapertura-del-centro-termale\/\">read more<\/a><\/p>\n","protected":false},"author":1,"featured_media":0,"comment_status":"open","ping_status":"open","sticky":false,"template":"","format":"standard","meta":{"footnotes":""},"categories":[3],"tags":[38,5],"class_list":["post-621","post","type-post","status-publish","format-standard","hentry","category-turismo","tag-cesenatico","tag-notizie"],"aioseo_notices":[],"_links":{"self":[{"href":"https:\/\/www.minicity.it\/blog\/wp-json\/wp\/v2\/posts\/621","targetHints":{"allow":["GET"]}}],"collection":[{"href":"https:\/\/www.minicity.it\/blog\/wp-json\/wp\/v2\/posts"}],"about":[{"href":"https:\/\/www.minicity.it\/blog\/wp-json\/wp\/v2\/types\/post"}],"author":[{"embeddable":true,"href":"https:\/\/www.minicity.it\/blog\/wp-json\/wp\/v2\/users\/1"}],"replies":[{"embeddable":true,"href":"https:\/\/www.minicity.it\/blog\/wp-json\/wp\/v2\/comments?post=621"}],"version-history":[{"count":0,"href":"https:\/\/www.minicity.it\/blog\/wp-json\/wp\/v2\/posts\/621\/revisions"}],"wp:attachment":[{"href":"https:\/\/www.minicity.it\/blog\/wp-json\/wp\/v2\/media?parent=621"}],"wp:term":[{"taxonomy":"category","embeddable":true,"href":"https:\/\/www.minicity.it\/blog\/wp-json\/wp\/v2\/categories?post=621"},{"taxonomy":"post_tag","embeddable":true,"href":"https:\/\/www.minicity.it\/blog\/wp-json\/wp\/v2\/tags?post=621"}],"curies":[{"name":"wp","href":"https:\/\/api.w.org\/{rel}","templated":true}]}}