{"id":640,"date":"2011-04-07T08:21:04","date_gmt":"2011-04-07T08:21:04","guid":{"rendered":"https:\/\/www.minicity.it\/blog\/?p=640"},"modified":"2011-04-07T08:21:04","modified_gmt":"2011-04-07T08:21:04","slug":"pascia-riccione-onde-beach-animera-notte-estiva","status":"publish","type":"post","link":"https:\/\/www.minicity.it\/blog\/2011\/04\/pascia-riccione-onde-beach-animera-notte-estiva\/","title":{"rendered":"A Riccione il Pasci\u00e0 OnDe Beach animer\u00e0 la notte estiva"},"content":{"rendered":"<p><a href=\"https:\/\/www.minicity.it\/blog\/wp-content\/uploads\/2011\/02\/discoteche-rimini.jpg\" target=\"_blank\"><img loading=\"lazy\" decoding=\"async\" class=\"alignleft size-thumbnail wp-image-333\" style=\"margin: 5px 8px;\" title=\"discoteche-rimini\" src=\"https:\/\/www.minicity.it\/blog\/wp-content\/uploads\/2011\/02\/discoteche-rimini-150x150.jpg\" alt=\"\" width=\"150\" height=\"150\" \/><\/a>Eventi: A Riccione il Pasci\u00e0 OnDe Beach animer\u00e0 la notte estiva<\/p>\n<p>L&#8217;<strong>estate 2011 a Riccione<\/strong> si apre con una collaborazione tra il Beach Caf\u00e9 la famosissima <strong>discoteca Pasci\u00e0<\/strong>. Il tutto inizier\u00e0 <strong>venerd\u00ec 13 maggio<\/strong> sulle spiagge di Marano: e cos\u00ec la discoteca si trasferir\u00e0 in spiaggia. Ma non \u00e8 finita: la collaborazione continuer\u00e0 durante il prossimo inverno quando, invece, sar\u00e0 lo staff del Beach Caf\u00e9 a spostarsi sulle colline riccionesi per animare la notte del Pasci\u00e0. Quindi, venerd\u00ec 13 maggio, non bisogna perdere il Pasci\u00e0 OnDe Beach.<\/p>\n<p>Flavio Pelliccioni, titolare del Beach Caf\u00e9, cos\u00ec commenta: <em>\u00abDa oltre 20 lavoro del mondo della spiaggia e del divertimento e non era mai successo nella storia di Riccione una sinergia tra una discoteca e la spiaggia. Grazie al Pasci\u00e0 e al Beach Cafe iniziamo questa nuova era che, ne sono certo, porter\u00e0 buoni risultati a tutta la citt\u00e0, conosciuta in Italia per la movida sotto le stelle e le sue discoteche\u00bb<\/em><\/p>\n","protected":false},"excerpt":{"rendered":"<p>Eventi: A Riccione il Pasci&agrave; OnDe Beach animer&agrave; la notte estiva L&rsquo;estate 2011 a Riccione si apre con una collaborazione tra il Beach Caf&eacute; la famosissima discoteca Pasci&agrave;. Il tutto inizier&agrave; venerd&igrave; 13 maggio sulle spiagge di Marano: e cos&igrave; la discoteca si trasferir&agrave; in spiaggia. Ma non &egrave; finita: la collaborazione continuer&agrave; durante il &#8230;<a class=\"post-readmore\" href=\"https:\/\/www.minicity.it\/blog\/2011\/04\/pascia-riccione-onde-beach-animera-notte-estiva\/\">read more<\/a><\/p>\n","protected":false},"author":1,"featured_media":0,"comment_status":"open","ping_status":"open","sticky":false,"template":"","format":"standard","meta":{"footnotes":""},"categories":[3],"tags":[33,34],"class_list":["post-640","post","type-post","status-publish","format-standard","hentry","category-turismo","tag-eventi-riviera","tag-riccione"],"aioseo_notices":[],"_links":{"self":[{"href":"https:\/\/www.minicity.it\/blog\/wp-json\/wp\/v2\/posts\/640","targetHints":{"allow":["GET"]}}],"collection":[{"href":"https:\/\/www.minicity.it\/blog\/wp-json\/wp\/v2\/posts"}],"about":[{"href":"https:\/\/www.minicity.it\/blog\/wp-json\/wp\/v2\/types\/post"}],"author":[{"embeddable":true,"href":"https:\/\/www.minicity.it\/blog\/wp-json\/wp\/v2\/users\/1"}],"replies":[{"embeddable":true,"href":"https:\/\/www.minicity.it\/blog\/wp-json\/wp\/v2\/comments?post=640"}],"version-history":[{"count":0,"href":"https:\/\/www.minicity.it\/blog\/wp-json\/wp\/v2\/posts\/640\/revisions"}],"wp:attachment":[{"href":"https:\/\/www.minicity.it\/blog\/wp-json\/wp\/v2\/media?parent=640"}],"wp:term":[{"taxonomy":"category","embeddable":true,"href":"https:\/\/www.minicity.it\/blog\/wp-json\/wp\/v2\/categories?post=640"},{"taxonomy":"post_tag","embeddable":true,"href":"https:\/\/www.minicity.it\/blog\/wp-json\/wp\/v2\/tags?post=640"}],"curies":[{"name":"wp","href":"https:\/\/api.w.org\/{rel}","templated":true}]}}