{"id":670,"date":"2011-04-12T08:02:01","date_gmt":"2011-04-12T08:02:01","guid":{"rendered":"https:\/\/www.minicity.it\/blog\/?p=670"},"modified":"2011-04-12T08:02:01","modified_gmt":"2011-04-12T08:02:01","slug":"cervia-riparte-servizio-navetta-sostenibile","status":"publish","type":"post","link":"https:\/\/www.minicity.it\/blog\/2011\/04\/cervia-riparte-servizio-navetta-sostenibile\/","title":{"rendered":"Cervia: riparte il servizio di \u201cnavetta sostenibile\u201d"},"content":{"rendered":"<p><a href=\"https:\/\/www.minicity.it\/blog\/wp-content\/uploads\/2011\/03\/cervia.jpg\" target=\"_blank\"><img loading=\"lazy\" decoding=\"async\" class=\"alignleft size-thumbnail wp-image-385\" style=\"margin: 5px 8px;\" title=\"cervia\" src=\"https:\/\/www.minicity.it\/blog\/wp-content\/uploads\/2011\/03\/cervia-150x133.jpg\" alt=\"\" width=\"150\" height=\"133\" \/><\/a>Cervia: riparte il servizio di \u201cnavetta sostenibile\u201d<\/p>\n<p><strong>Da sabato 9 aprile<\/strong> a Cervia \u00e8 di nuovo attivo il servizio di<strong> barchetta elettrica<\/strong> che collega la citt\u00e0 con i dintorni e, in particolre, con il Centro Visite Salina di Cervia e con la Stazione Sud del Parco del Delta del Po Emilia-Romagna.<\/p>\n<p>Il servizio \u00e8 nato lo scorso anno ed \u00e8 promosso dall&#8217;Assessorato al <strong>Turismo Comune di Cervia<\/strong>, da Cerviaturismo, da Atlantide, dal Parco Salina e da MUSA. La navetta offre un percorso attraverso i migliori paesaggi che la citt\u00e0 offre, accompagnato da informazioni storico-culturali sul territorio. Il servizio sar\u00e0 attivo fino a met\u00e0 settembre e costa 5 euro (o 3 ridotti) e i biglietti vanno prenotati presso Cerviaturismo, con sede presso la Torre San Michele (tel. 0544 974400).<\/p>\n<p><strong>Per informazioni<\/strong> sugli orari di apertura e sulle escursioni possibili al Centro Visite Salina di Cervia consultare il sito www.atlantide.net\/salinadicervia.<\/p>\n","protected":false},"excerpt":{"rendered":"<p>Cervia: riparte il servizio di &ldquo;navetta sostenibile&rdquo; Da sabato 9 aprile a Cervia &egrave; di nuovo attivo il servizio di barchetta elettrica che collega la citt&agrave; con i dintorni e, in particolre, con il Centro Visite Salina di Cervia e con la Stazione Sud del Parco del Delta del Po Emilia-Romagna. Il servizio &egrave; nato &#8230;<a class=\"post-readmore\" href=\"https:\/\/www.minicity.it\/blog\/2011\/04\/cervia-riparte-servizio-navetta-sostenibile\/\">read more<\/a><\/p>\n","protected":false},"author":1,"featured_media":0,"comment_status":"open","ping_status":"open","sticky":false,"template":"","format":"standard","meta":{"footnotes":""},"categories":[3],"tags":[20,30],"class_list":["post-670","post","type-post","status-publish","format-standard","hentry","category-turismo","tag-cervia","tag-servizi-hotel"],"aioseo_notices":[],"_links":{"self":[{"href":"https:\/\/www.minicity.it\/blog\/wp-json\/wp\/v2\/posts\/670","targetHints":{"allow":["GET"]}}],"collection":[{"href":"https:\/\/www.minicity.it\/blog\/wp-json\/wp\/v2\/posts"}],"about":[{"href":"https:\/\/www.minicity.it\/blog\/wp-json\/wp\/v2\/types\/post"}],"author":[{"embeddable":true,"href":"https:\/\/www.minicity.it\/blog\/wp-json\/wp\/v2\/users\/1"}],"replies":[{"embeddable":true,"href":"https:\/\/www.minicity.it\/blog\/wp-json\/wp\/v2\/comments?post=670"}],"version-history":[{"count":0,"href":"https:\/\/www.minicity.it\/blog\/wp-json\/wp\/v2\/posts\/670\/revisions"}],"wp:attachment":[{"href":"https:\/\/www.minicity.it\/blog\/wp-json\/wp\/v2\/media?parent=670"}],"wp:term":[{"taxonomy":"category","embeddable":true,"href":"https:\/\/www.minicity.it\/blog\/wp-json\/wp\/v2\/categories?post=670"},{"taxonomy":"post_tag","embeddable":true,"href":"https:\/\/www.minicity.it\/blog\/wp-json\/wp\/v2\/tags?post=670"}],"curies":[{"name":"wp","href":"https:\/\/api.w.org\/{rel}","templated":true}]}}