{"id":672,"date":"2011-04-12T09:41:57","date_gmt":"2011-04-12T09:41:57","guid":{"rendered":"https:\/\/www.minicity.it\/blog\/?p=672"},"modified":"2011-04-12T09:41:57","modified_gmt":"2011-04-12T09:41:57","slug":"torre-saracena-bellaria-igeamarina","status":"publish","type":"post","link":"https:\/\/www.minicity.it\/blog\/2011\/04\/torre-saracena-bellaria-igeamarina\/","title":{"rendered":"Torna al suo splendore la Torre Saracena"},"content":{"rendered":"<p><a href=\"https:\/\/www.minicity.it\/blog\/wp-content\/uploads\/2011\/04\/torre-saracena-bellaria.jpg\" target=\"_blank\"><img loading=\"lazy\" decoding=\"async\" class=\"alignleft size-thumbnail wp-image-674\" style=\"margin: 5px 8px;\" title=\"torre-saracena-bellaria\" src=\"https:\/\/www.minicity.it\/blog\/wp-content\/uploads\/2011\/04\/torre-saracena-bellaria-150x150.jpg\" alt=\"\" width=\"150\" height=\"150\" \/><\/a>Dopo i lavori di ristrutturazione, ora si potr\u00e0 salire anche al quarto piano<\/p>\n<p><strong>BELLARIA IGEA MARINA.<\/strong> Dopo la ristrutturazione del tetto nella <strong>Torre Saracena<\/strong>, ora il monumento di Rimini \u00e8 pronto per attrarre nuovi turisti dando la possibilit\u00e0 di arrivare fino al quarto piano.<\/p>\n<p>I lavori terminati nella scorsa settimana erano necessari per sistemare il tetto, dove ad ogni pioggia si creavano infiltrazioni.<\/p>\n<p>La Torre Saracena per Bellaria Igea Marina \u00e8 un grande patrimonio culturale, il pi\u00f9 antico per la citt\u00e0 e negli ultimi anni, il logoramento era evidente, quindi necessari i lavori di ristrutturazione per restituire dignit\u00e0 al monumento che al suo interno custodisce il <strong>Museo delle Conghiglie<\/strong>.<\/p>\n<p>I lavori si sono svolti in modo efficace e soprattutto con tempi molto rapidi per ridare La Torre Saracena a tutti coloro che vorranno visitare il monumento in occasione della primavera<\/p>\n","protected":false},"excerpt":{"rendered":"<p>Dopo i lavori di ristrutturazione, ora si potr&agrave; salire anche al quarto piano BELLARIA IGEA MARINA. Dopo la ristrutturazione del tetto nella Torre Saracena, ora il monumento di Rimini &egrave; pronto per attrarre nuovi turisti dando la possibilit&agrave; di arrivare fino al quarto piano. I lavori terminati nella scorsa settimana erano necessari per sistemare il &#8230;<a class=\"post-readmore\" href=\"https:\/\/www.minicity.it\/blog\/2011\/04\/torre-saracena-bellaria-igeamarina\/\">read more<\/a><\/p>\n","protected":false},"author":1,"featured_media":0,"comment_status":"open","ping_status":"open","sticky":false,"template":"","format":"standard","meta":{"footnotes":""},"categories":[3],"tags":[31,5],"class_list":["post-672","post","type-post","status-publish","format-standard","hentry","category-turismo","tag-bellaria-igea-marina","tag-notizie"],"aioseo_notices":[],"_links":{"self":[{"href":"https:\/\/www.minicity.it\/blog\/wp-json\/wp\/v2\/posts\/672","targetHints":{"allow":["GET"]}}],"collection":[{"href":"https:\/\/www.minicity.it\/blog\/wp-json\/wp\/v2\/posts"}],"about":[{"href":"https:\/\/www.minicity.it\/blog\/wp-json\/wp\/v2\/types\/post"}],"author":[{"embeddable":true,"href":"https:\/\/www.minicity.it\/blog\/wp-json\/wp\/v2\/users\/1"}],"replies":[{"embeddable":true,"href":"https:\/\/www.minicity.it\/blog\/wp-json\/wp\/v2\/comments?post=672"}],"version-history":[{"count":0,"href":"https:\/\/www.minicity.it\/blog\/wp-json\/wp\/v2\/posts\/672\/revisions"}],"wp:attachment":[{"href":"https:\/\/www.minicity.it\/blog\/wp-json\/wp\/v2\/media?parent=672"}],"wp:term":[{"taxonomy":"category","embeddable":true,"href":"https:\/\/www.minicity.it\/blog\/wp-json\/wp\/v2\/categories?post=672"},{"taxonomy":"post_tag","embeddable":true,"href":"https:\/\/www.minicity.it\/blog\/wp-json\/wp\/v2\/tags?post=672"}],"curies":[{"name":"wp","href":"https:\/\/api.w.org\/{rel}","templated":true}]}}