{"id":683,"date":"2011-04-13T09:24:19","date_gmt":"2011-04-13T09:24:19","guid":{"rendered":"https:\/\/www.minicity.it\/blog\/?p=683"},"modified":"2011-04-13T09:24:19","modified_gmt":"2011-04-13T09:24:19","slug":"profumo-del-mosto-in-mostra-a-ravenna","status":"publish","type":"post","link":"https:\/\/www.minicity.it\/blog\/2011\/04\/profumo-del-mosto-in-mostra-a-ravenna\/","title":{"rendered":"Il mosto in mostra a Ravenna"},"content":{"rendered":"<p><a href=\"https:\/\/www.minicity.it\/blog\/wp-content\/uploads\/2011\/04\/vini.jpg\" target=\"_blank\"><img loading=\"lazy\" decoding=\"async\" class=\"alignleft size-full wp-image-684\" style=\"margin: 5px 8px;\" title=\"vini\" src=\"https:\/\/www.minicity.it\/blog\/wp-content\/uploads\/2011\/04\/vini.jpg\" alt=\"\" width=\"150\" height=\"116\" \/><\/a>Il mosto in mostra a Ravenna<\/p>\n<p><strong>Fino a domenica 17 aprile<\/strong> alla Fondazione Casa di Oriani di Ravenna sar\u00e0 visibile <strong>\u201cIl profumo del mosto\u201d<\/strong>, una mostra dedicata ai vigneti, alle uve e ai <strong>vini di Romagna<\/strong>. Si tratter\u00e0 di uno spaccato fotografico della storia agricola e industriale della regione dedicata ai lavoratori di questo settore che illustrer\u00e0 anche il difficile passaggio dal lavoro dell&#8217;uomo a quello delle macchine.<\/p>\n<p>La mostra, che \u00e8 organizzata dall\u2019associazione culturale Studio Arte, da Mosaico Culturale e con il patrocinio di Regione e Provincia, sar\u00e0 aperta fino al 17 aprile, da luned\u00ec a domenica (luned\u00ec mattina chiusa) dalle 10.00 alle 12.30, e dalle 15.00 alle 18.30.<\/p>\n<p><strong>Dove:<\/strong> Fondazione Casa di Oriani, via Corrado Ricci, 26 &#8211; Ravenna<\/p>\n<p><strong>Quando: <\/strong>fino al 17 aprile<\/p>\n<p><strong>Costo:<\/strong> ingresso gratuito<\/p>\n","protected":false},"excerpt":{"rendered":"<p>Il mosto in mostra a Ravenna Fino a domenica 17 aprile alla Fondazione Casa di Oriani di Ravenna sar&agrave; visibile &ldquo;Il profumo del mosto&rdquo;, una mostra dedicata ai vigneti, alle uve e ai vini di Romagna. Si tratter&agrave; di uno spaccato fotografico della storia agricola e industriale della regione dedicata ai lavoratori di questo settore &#8230;<a class=\"post-readmore\" href=\"https:\/\/www.minicity.it\/blog\/2011\/04\/profumo-del-mosto-in-mostra-a-ravenna\/\">read more<\/a><\/p>\n","protected":false},"author":1,"featured_media":0,"comment_status":"open","ping_status":"open","sticky":false,"template":"","format":"standard","meta":{"footnotes":""},"categories":[3],"tags":[33],"class_list":["post-683","post","type-post","status-publish","format-standard","hentry","category-turismo","tag-eventi-riviera"],"aioseo_notices":[],"_links":{"self":[{"href":"https:\/\/www.minicity.it\/blog\/wp-json\/wp\/v2\/posts\/683","targetHints":{"allow":["GET"]}}],"collection":[{"href":"https:\/\/www.minicity.it\/blog\/wp-json\/wp\/v2\/posts"}],"about":[{"href":"https:\/\/www.minicity.it\/blog\/wp-json\/wp\/v2\/types\/post"}],"author":[{"embeddable":true,"href":"https:\/\/www.minicity.it\/blog\/wp-json\/wp\/v2\/users\/1"}],"replies":[{"embeddable":true,"href":"https:\/\/www.minicity.it\/blog\/wp-json\/wp\/v2\/comments?post=683"}],"version-history":[{"count":0,"href":"https:\/\/www.minicity.it\/blog\/wp-json\/wp\/v2\/posts\/683\/revisions"}],"wp:attachment":[{"href":"https:\/\/www.minicity.it\/blog\/wp-json\/wp\/v2\/media?parent=683"}],"wp:term":[{"taxonomy":"category","embeddable":true,"href":"https:\/\/www.minicity.it\/blog\/wp-json\/wp\/v2\/categories?post=683"},{"taxonomy":"post_tag","embeddable":true,"href":"https:\/\/www.minicity.it\/blog\/wp-json\/wp\/v2\/tags?post=683"}],"curies":[{"name":"wp","href":"https:\/\/api.w.org\/{rel}","templated":true}]}}