{"id":694,"date":"2011-04-13T11:41:10","date_gmt":"2011-04-13T11:41:10","guid":{"rendered":"https:\/\/www.minicity.it\/blog\/?p=694"},"modified":"2011-04-13T11:41:32","modified_gmt":"2011-04-13T11:41:32","slug":"riccione-torna-il-premio-per-la-legalita","status":"publish","type":"post","link":"https:\/\/www.minicity.it\/blog\/2011\/04\/riccione-torna-il-premio-per-la-legalita\/","title":{"rendered":"Riccione: torna il \u201cPremio per la legalit\u00e0\u201d"},"content":{"rendered":"<p><strong><a target=\"_blank\" href=\"https:\/\/www.minicity.it\/blog\/wp-content\/uploads\/2011\/04\/premiolegalitariccione.jpg\" _mce_href=\"https:\/\/www.minicity.it\/blog\/wp-content\/uploads\/2011\/04\/premiolegalitariccione.jpg\"><img loading=\"lazy\" decoding=\"async\" style=\"margin: 5px 8px;\" _mce_style=\"margin: 5px 8px;\" src=\"https:\/\/www.minicity.it\/blog\/wp-content\/uploads\/2011\/04\/premiolegalitariccione-150x150.jpg\" _mce_src=\"https:\/\/www.minicity.it\/blog\/wp-content\/uploads\/2011\/04\/premiolegalitariccione-150x150.jpg\" title=\"premiolegalitariccione\" class=\"alignleft size-thumbnail wp-image-696\" height=\"150\" width=\"150\"><\/a>Mercoled\u00ec 20 aprile<\/strong> torna a Riccione il <strong>\u201cPremio per la legalit\u00e0\u201d<\/strong>. <\/p>\n<p>Quest&#8217;anno si attendono il magistrato Ayala, il procuratore Morvillo e il giudice Conte, che incontreranno gli studenti degli Istituti superiori della citt\u00e0 per un momento di riflessione dal titolo \u201cGiovanni Falcone. Un italiano\u201d. Il \u201cPremio per la legalit\u00e0\u201d \u00e8 stato creato da Igor Antonelli e Mario Fucili dell&#8217;Agenzia Mep (Marketing Event Project), con il patrocinio del Comune di Riccione. Lo scorso anno lo vinsero Maria Falcone ed il Procuratore Lari, che parteciparono a una giornata con i ragazzi delle scuole. Il \u201cPremio per la legalit\u00e0\u201d ha come obiettivo la promozione della legalit\u00e0 tra le giovani. Il progetto \u00e8 realizzato in collaborazione con l&#8217;agenzia di Palermo Jacaranda, che si occupa, proprio, della comunicazione della Fondazione Falcone e Borsellino, specializzata in questo tipo di progetti.<\/p>\n<p>L&#8217;incontro del 20 aprile si terr\u00e0 all&#8217;auditorium \u201cRita Levi Montalcini\u201d del Liceo Volta, alle 9:30. Si discuter\u00e0 della figura di Giovanni Falcone, un magistrato che ormai \u00e8 un&#8217;icona nella lotta contro la mafia, che ha perso la vita in un attentato nel maggio del 1992. Il dibattito sar\u00e0 moderato dal giornalista Flavio Tranquillo, autore di \u201cI dieci passi. Piccolo breviario sulla legalit\u00e0\u201d (con il giudice Mario Conte) e interverranno Giuseppe Alaya, magistrato, amico di Falcone e Borsellino e pubblico ministero durante la maxi-inchiesta a Cosa Nostra, Francesco Morvillo, fratello di Francesca Morvillo, morta durante la strage di Capaci e Mario Conte, giudice e fondatore dell\u2019Associazione Nazionale Basket Magistrati. Al termine della discussione Giuseppe Ayala e ad Alfredo Morvillo riceveranno il \u201cPremio per la Legalit\u00e0\u201d.<\/p>\n","protected":false},"excerpt":{"rendered":"<p>Mercoled&igrave; 20 aprile torna a Riccione il &ldquo;Premio per la legalit&agrave;&rdquo;. Quest&rsquo;anno si attendono il magistrato Ayala, il procuratore Morvillo e il giudice Conte, che incontreranno gli studenti degli Istituti superiori della citt&agrave; per un momento di riflessione dal titolo &ldquo;Giovanni Falcone. Un italiano&rdquo;. Il &ldquo;Premio per la legalit&agrave;&rdquo; &egrave; stato creato da Igor Antonelli &#8230;<a class=\"post-readmore\" href=\"https:\/\/www.minicity.it\/blog\/2011\/04\/riccione-torna-il-premio-per-la-legalita\/\">read more<\/a><\/p>\n","protected":false},"author":1,"featured_media":0,"comment_status":"open","ping_status":"open","sticky":false,"template":"","format":"standard","meta":{"footnotes":""},"categories":[3],"tags":[33,34],"class_list":["post-694","post","type-post","status-publish","format-standard","hentry","category-turismo","tag-eventi-riviera","tag-riccione"],"aioseo_notices":[],"_links":{"self":[{"href":"https:\/\/www.minicity.it\/blog\/wp-json\/wp\/v2\/posts\/694","targetHints":{"allow":["GET"]}}],"collection":[{"href":"https:\/\/www.minicity.it\/blog\/wp-json\/wp\/v2\/posts"}],"about":[{"href":"https:\/\/www.minicity.it\/blog\/wp-json\/wp\/v2\/types\/post"}],"author":[{"embeddable":true,"href":"https:\/\/www.minicity.it\/blog\/wp-json\/wp\/v2\/users\/1"}],"replies":[{"embeddable":true,"href":"https:\/\/www.minicity.it\/blog\/wp-json\/wp\/v2\/comments?post=694"}],"version-history":[{"count":0,"href":"https:\/\/www.minicity.it\/blog\/wp-json\/wp\/v2\/posts\/694\/revisions"}],"wp:attachment":[{"href":"https:\/\/www.minicity.it\/blog\/wp-json\/wp\/v2\/media?parent=694"}],"wp:term":[{"taxonomy":"category","embeddable":true,"href":"https:\/\/www.minicity.it\/blog\/wp-json\/wp\/v2\/categories?post=694"},{"taxonomy":"post_tag","embeddable":true,"href":"https:\/\/www.minicity.it\/blog\/wp-json\/wp\/v2\/tags?post=694"}],"curies":[{"name":"wp","href":"https:\/\/api.w.org\/{rel}","templated":true}]}}