{"id":712,"date":"2011-04-15T09:45:21","date_gmt":"2011-04-15T09:45:21","guid":{"rendered":"https:\/\/www.minicity.it\/blog\/?p=712"},"modified":"2011-04-15T09:45:21","modified_gmt":"2011-04-15T09:45:21","slug":"bellaria-arriva-il-film-festival","status":"publish","type":"post","link":"https:\/\/www.minicity.it\/blog\/2011\/04\/bellaria-arriva-il-film-festival\/","title":{"rendered":"Bellaria: arriva il Film Festival"},"content":{"rendered":"<p><a href=\"https:\/\/www.minicity.it\/blog\/wp-content\/uploads\/2011\/04\/bellariafilmfestival.jpg\" target=\"_blank\"><img loading=\"lazy\" decoding=\"async\" class=\"alignleft size-full wp-image-713\" style=\"margin: 5px 8px;\" title=\"bellariafilmfestival\" src=\"https:\/\/www.minicity.it\/blog\/wp-content\/uploads\/2011\/04\/bellariafilmfestival.jpg\" alt=\"\" width=\"150\" height=\"94\" \/><\/a>Bellaria: arriva il Film Festival<\/p>\n<p><strong>Dal 2 al 5 giugno<\/strong> a Bellaria Igea Marina si terr\u00e0 la ventinovesima edizione del Bellaria Film Festival. Il Festival \u00e8 nato nel 1983 ed \u00e8 stato una delle pi\u00f9 importanti vetrine del cinema indipendente italiano. La novit\u00e0 di quest&#8217;anno sono due sezioni per documentari, \u201cItalia Doc\u201d e \u201cCrossmedia doc\u201d, pi\u00f9 legata ai progetti multimediali. Al centro dell&#8217;edizione un vero e proprio excursus nella storia del documentario, con tanto di conferenze e workshop.<\/p>\n<p>Tra le rassegne ce ne sar\u00e0 una sulla storia del Cinema italiano, \u201cBuon Compleanno\u201d e una sui giovani documentaristi. Tutti gli eventi sono ad ingresso gratuito.<\/p>\n<p>Per tutte le informazioni basta consultare il sito:<a rel=\"nofollow\" href=\"http:\/\/www.bellariafilmfestival.org\"> www.bellariafilmfestival.org<\/a><\/p>\n","protected":false},"excerpt":{"rendered":"<p>Bellaria: arriva il Film Festival Dal 2 al 5 giugno a Bellaria Igea Marina si terr&agrave; la ventinovesima edizione del Bellaria Film Festival. Il Festival &egrave; nato nel 1983 ed &egrave; stato una delle pi&ugrave; importanti vetrine del cinema indipendente italiano. La novit&agrave; di quest&rsquo;anno sono due sezioni per documentari, &ldquo;Italia Doc&rdquo; e &ldquo;Crossmedia doc&rdquo;, &#8230;<a class=\"post-readmore\" href=\"https:\/\/www.minicity.it\/blog\/2011\/04\/bellaria-arriva-il-film-festival\/\">read more<\/a><\/p>\n","protected":false},"author":1,"featured_media":0,"comment_status":"open","ping_status":"open","sticky":false,"template":"","format":"standard","meta":{"footnotes":""},"categories":[3],"tags":[31],"class_list":["post-712","post","type-post","status-publish","format-standard","hentry","category-turismo","tag-bellaria-igea-marina"],"aioseo_notices":[],"_links":{"self":[{"href":"https:\/\/www.minicity.it\/blog\/wp-json\/wp\/v2\/posts\/712","targetHints":{"allow":["GET"]}}],"collection":[{"href":"https:\/\/www.minicity.it\/blog\/wp-json\/wp\/v2\/posts"}],"about":[{"href":"https:\/\/www.minicity.it\/blog\/wp-json\/wp\/v2\/types\/post"}],"author":[{"embeddable":true,"href":"https:\/\/www.minicity.it\/blog\/wp-json\/wp\/v2\/users\/1"}],"replies":[{"embeddable":true,"href":"https:\/\/www.minicity.it\/blog\/wp-json\/wp\/v2\/comments?post=712"}],"version-history":[{"count":0,"href":"https:\/\/www.minicity.it\/blog\/wp-json\/wp\/v2\/posts\/712\/revisions"}],"wp:attachment":[{"href":"https:\/\/www.minicity.it\/blog\/wp-json\/wp\/v2\/media?parent=712"}],"wp:term":[{"taxonomy":"category","embeddable":true,"href":"https:\/\/www.minicity.it\/blog\/wp-json\/wp\/v2\/categories?post=712"},{"taxonomy":"post_tag","embeddable":true,"href":"https:\/\/www.minicity.it\/blog\/wp-json\/wp\/v2\/tags?post=712"}],"curies":[{"name":"wp","href":"https:\/\/api.w.org\/{rel}","templated":true}]}}