{"id":725,"date":"2011-04-19T09:41:17","date_gmt":"2011-04-19T09:41:17","guid":{"rendered":"https:\/\/www.minicity.it\/blog\/?p=725"},"modified":"2012-09-13T15:10:47","modified_gmt":"2012-09-13T15:10:47","slug":"turismo-pasquale-spot-tv-parchi-tematici-riviera","status":"publish","type":"post","link":"https:\/\/www.minicity.it\/blog\/2011\/04\/turismo-pasquale-spot-tv-parchi-tematici-riviera\/","title":{"rendered":"Turismo Pasquale: spot in TV sui parchi per lanciare la Riviera"},"content":{"rendered":"<p><a href=\"https:\/\/www.minicity.it\/blog\/wp-content\/uploads\/2010\/07\/vacanza-rimini.jpg\" target=\"_blank\"><img loading=\"lazy\" decoding=\"async\" class=\"alignleft size-full wp-image-91\" style=\"margin: 5px 8px;\" title=\"vacanza-rimini\" src=\"https:\/\/www.minicity.it\/blog\/wp-content\/uploads\/2010\/07\/vacanza-rimini.jpg\" alt=\"\" width=\"200\" height=\"150\" \/><\/a>Per lanciare la <strong>Riviera<\/strong> arriva lo <strong>spot pubblicitario<\/strong> in TV da 15 secondi: <em>&#8220;Due parchi e due notti a partire da 50 euro al giorno&#8221;<\/em><\/p>\n<p>Lo spot pubblicitario che invita gli italiani in Riviera \u00e8 in onda da venerdi sul digitale terrestre e reti satellitari e da Domenica \u00e8 andato in onda anche su Rai e Mediaset. Lo spot \u00e8 stato lanciato grazie alla collaborazione dei parchi tematici, Unione di Prodotto Costa, Apt Servizi e Assesorato regionale al Turismo.<\/p>\n<p>Lo spot pubblicitario andr\u00e0 in onda in 2 periodi:<\/p>\n<ol>\n<li>fino al 23 Aprile dove a partecipare ci saranno il parco di <a href=\"https:\/\/www.minicity.it\/hotel-mirabilandia.html\" target=\"_blank\">Mirabilandia<\/a>, Oltremare e Italia in Miniatura<\/li>\n<li>ponte del 2 Giugno e chiusura dell&#8217;anno scolastico: si aggiunge anche Aquafan di Riccione<\/li>\n<\/ol>\n<p>La <strong>spesa<\/strong> sar\u00e0 di 700.000 euro con 1.200 passaggi televisivi dove nello spot pubblicitario si trasmette il messaggio di ospitalit\u00e0 e divertimento in Riviera con le 3 immagini dei parchi e l&#8217;arrivo della famiglia nella camera dell&#8217;Hotel&#8230;<\/p>\n<p>Nel 2010 si sono registrati 4,5 milioni di visitatori in Riviera e grazie ai pacchetti parco+hotel convenienti, i visitatori hanno potuto apprezzare anche la Riviera Romagnola sotto altri punti di vista&#8230;<\/p>\n<div id=\"_mcePaste\" class=\"mcePaste\" style=\"position: absolute; left: -10000px; top: 6px; width: 1px; height: 1px; overflow: hidden;\">https:\/\/www.minicity.it\/ita\/parchi-divertimento\/oltremare-imax-riccione\/index.html<\/div>\n","protected":false},"excerpt":{"rendered":"<p>Per lanciare la Riviera arriva lo spot pubblicitario in TV da 15 secondi: &ldquo;Due parchi e due notti a partire da 50 euro al giorno&rdquo; Lo spot pubblicitario che invita gli italiani in Riviera &egrave; in onda da venerdi sul digitale terrestre e reti satellitari e da Domenica &egrave; andato in onda anche su Rai &#8230;<a class=\"post-readmore\" href=\"https:\/\/www.minicity.it\/blog\/2011\/04\/turismo-pasquale-spot-tv-parchi-tematici-riviera\/\">read more<\/a><\/p>\n","protected":false},"author":1,"featured_media":0,"comment_status":"open","ping_status":"open","sticky":false,"template":"","format":"standard","meta":{"footnotes":""},"categories":[3],"tags":[5,10],"class_list":["post-725","post","type-post","status-publish","format-standard","hentry","category-turismo","tag-notizie","tag-rimini"],"aioseo_notices":[],"_links":{"self":[{"href":"https:\/\/www.minicity.it\/blog\/wp-json\/wp\/v2\/posts\/725","targetHints":{"allow":["GET"]}}],"collection":[{"href":"https:\/\/www.minicity.it\/blog\/wp-json\/wp\/v2\/posts"}],"about":[{"href":"https:\/\/www.minicity.it\/blog\/wp-json\/wp\/v2\/types\/post"}],"author":[{"embeddable":true,"href":"https:\/\/www.minicity.it\/blog\/wp-json\/wp\/v2\/users\/1"}],"replies":[{"embeddable":true,"href":"https:\/\/www.minicity.it\/blog\/wp-json\/wp\/v2\/comments?post=725"}],"version-history":[{"count":0,"href":"https:\/\/www.minicity.it\/blog\/wp-json\/wp\/v2\/posts\/725\/revisions"}],"wp:attachment":[{"href":"https:\/\/www.minicity.it\/blog\/wp-json\/wp\/v2\/media?parent=725"}],"wp:term":[{"taxonomy":"category","embeddable":true,"href":"https:\/\/www.minicity.it\/blog\/wp-json\/wp\/v2\/categories?post=725"},{"taxonomy":"post_tag","embeddable":true,"href":"https:\/\/www.minicity.it\/blog\/wp-json\/wp\/v2\/tags?post=725"}],"curies":[{"name":"wp","href":"https:\/\/api.w.org\/{rel}","templated":true}]}}