{"id":743,"date":"2011-04-21T09:45:26","date_gmt":"2011-04-21T09:45:26","guid":{"rendered":"https:\/\/www.minicity.it\/blog\/?p=743"},"modified":"2011-04-21T09:45:26","modified_gmt":"2011-04-21T09:45:26","slug":"le-foreste-casentinesi-aprono-ai-volontari","status":"publish","type":"post","link":"https:\/\/www.minicity.it\/blog\/2011\/04\/le-foreste-casentinesi-aprono-ai-volontari\/","title":{"rendered":"Le Foreste casentinesi aprono ai volontari"},"content":{"rendered":"<p><a href=\"https:\/\/www.minicity.it\/blog\/wp-content\/uploads\/2011\/04\/forestecesenatico.jpg\" target=\"_blank\"><img loading=\"lazy\" decoding=\"async\" class=\"alignleft size-full wp-image-744\" style=\"margin: 5px 8px;\" title=\"forestecesenatico\" src=\"https:\/\/www.minicity.it\/blog\/wp-content\/uploads\/2011\/04\/forestecesenatico.jpg\" alt=\"\" width=\"150\" height=\"92\" \/><\/a>Le Foreste casentinesi aprono ai volontari<\/p>\n<p>Dal <strong>23 maggio al 5 giugno<\/strong> il Parco delle Foreste Casentinesi si apre ai volontari. La sessione, che durer\u00e0 15 giorni, far\u00e0 entrare i volontari a contatto con il lavoro delle guardie forestali per quanto riguarda la gestione e il monitoraggio della fauna, nella manutenzione dei sentieri e delle strutture dell&#8217;ente. Lo scopo \u00e8 quello di sensibilizzare il pubblico sul funzionamento del Parco, sulle sue attivit\u00e0 e sulle zone da preservare. Nell&#8217;ambito del progetto si lavorer\u00e0 anche al piano europeo \u201cWolfnet\u201d, per la salvaguardia del lupo appenninico.<\/p>\n<p>Per candidarsi \u00e8 necessario compilare il formulario entro il 12 maggio 2011.<\/p>\n<p><strong>Per info<\/strong> scrivere a fauna@parcoforestecasentinesi.it.<\/p>\n","protected":false},"excerpt":{"rendered":"<p>Le Foreste casentinesi aprono ai volontari Dal 23 maggio al 5 giugno il Parco delle Foreste Casentinesi si apre ai volontari. La sessione, che durer&agrave; 15 giorni, far&agrave; entrare i volontari a contatto con il lavoro delle guardie forestali per quanto riguarda la gestione e il monitoraggio della fauna, nella manutenzione dei sentieri e delle &#8230;<a class=\"post-readmore\" href=\"https:\/\/www.minicity.it\/blog\/2011\/04\/le-foreste-casentinesi-aprono-ai-volontari\/\">read more<\/a><\/p>\n","protected":false},"author":1,"featured_media":0,"comment_status":"open","ping_status":"open","sticky":false,"template":"","format":"standard","meta":{"footnotes":""},"categories":[3],"tags":[38],"class_list":["post-743","post","type-post","status-publish","format-standard","hentry","category-turismo","tag-cesenatico"],"aioseo_notices":[],"_links":{"self":[{"href":"https:\/\/www.minicity.it\/blog\/wp-json\/wp\/v2\/posts\/743","targetHints":{"allow":["GET"]}}],"collection":[{"href":"https:\/\/www.minicity.it\/blog\/wp-json\/wp\/v2\/posts"}],"about":[{"href":"https:\/\/www.minicity.it\/blog\/wp-json\/wp\/v2\/types\/post"}],"author":[{"embeddable":true,"href":"https:\/\/www.minicity.it\/blog\/wp-json\/wp\/v2\/users\/1"}],"replies":[{"embeddable":true,"href":"https:\/\/www.minicity.it\/blog\/wp-json\/wp\/v2\/comments?post=743"}],"version-history":[{"count":0,"href":"https:\/\/www.minicity.it\/blog\/wp-json\/wp\/v2\/posts\/743\/revisions"}],"wp:attachment":[{"href":"https:\/\/www.minicity.it\/blog\/wp-json\/wp\/v2\/media?parent=743"}],"wp:term":[{"taxonomy":"category","embeddable":true,"href":"https:\/\/www.minicity.it\/blog\/wp-json\/wp\/v2\/categories?post=743"},{"taxonomy":"post_tag","embeddable":true,"href":"https:\/\/www.minicity.it\/blog\/wp-json\/wp\/v2\/tags?post=743"}],"curies":[{"name":"wp","href":"https:\/\/api.w.org\/{rel}","templated":true}]}}