{"id":762,"date":"2011-04-22T11:37:32","date_gmt":"2011-04-22T11:37:32","guid":{"rendered":"https:\/\/www.minicity.it\/blog\/?p=762"},"modified":"2012-09-14T12:19:43","modified_gmt":"2012-09-14T12:19:43","slug":"pasqua-last-minute-pensione-completa-cervia","status":"publish","type":"post","link":"https:\/\/www.minicity.it\/blog\/2011\/04\/pasqua-last-minute-pensione-completa-cervia\/","title":{"rendered":"Pasqua con Last minute e pensione completa&#8230;"},"content":{"rendered":"<p><a href=\"https:\/\/www.minicity.it\/blog\/wp-content\/uploads\/2011\/03\/spiaggiacervia.jpg\" target=\"_blank\"><img loading=\"lazy\" decoding=\"async\" class=\"alignleft size-full wp-image-501\" style=\"margin: 5px 8px;\" title=\"spiaggiacervia\" src=\"https:\/\/www.minicity.it\/blog\/wp-content\/uploads\/2011\/03\/spiaggiacervia.jpg\" alt=\"\" width=\"150\" height=\"98\" \/><\/a>Le richieste di <strong>prenotazioni<\/strong> per la <strong>Pasqua<\/strong> sono tante, ma per chi decider\u00e0 di passare il ponte al mare, la scelta \u00e8 puntata al risparmio con <strong>pacchetti last minute<\/strong> e pensione completa.<\/p>\n<p><strong>CERVIA.<\/strong> Per i turisti che sceglieranno la Riviera come meta per il ponte Pasquale, la crisi si fa sentire e la vacanza low cost \u00e8 la pi\u00f9 richiesta: mezze pensioni\/pensione completa e pacchetti last minute.<\/p>\n<p>A confermare questa tendenza \u00e8 il presidente di Asshotel, Roberta Penso: &#8220;Le richieste per Pasqua sono tante, ma quasi tutte votate al risparmio e i turisti preferiscono consumare i pasti in hotel&#8230;&#8221;<\/p>\n<p>La situazione a Cervia presenta una situazione a macchia di leopardo, dove alcuni <a title=\"hotel a cervia\" href=\"https:\/\/www.minicity.it\/hotel-cervia.html\" target=\"_blank\">alberghi<\/a> sono al completo, mentre altri stanno ancora aspettando le conferme e le ultime chiamate che sicuramente saranno condizionate dalle condizioni meteo.<\/p>\n<p>Da questa mattina i primi arrivi, dove le vacanze dureranno fino a Luned\u00ec massimo Marted\u00ec. In pochi prolungheranno il ponte. Intanto in citt\u00e0 sta per partire il famoso <a href=\"https:\/\/www.minicity.it\/blog\/2011\/04\/cervia-torna-il-festival-dellaquilone\/\">Festival degli aquiloni<\/a> con circa 20 paesi da tutto il mondo..<\/p>\n<p>Ora, per le ultime conferme si dovr\u00e0 sperare nel bel tempo per il week-end!<\/p>\n<p>&nbsp;<\/p>\n","protected":false},"excerpt":{"rendered":"<p>Le richieste di prenotazioni per la Pasqua sono tante, ma per chi decider&agrave; di passare il ponte al mare, la scelta &egrave; puntata al risparmio con pacchetti last minute e pensione completa. CERVIA. Per i turisti che sceglieranno la Riviera come meta per il ponte Pasquale, la crisi si fa sentire e la vacanza low &#8230;<a class=\"post-readmore\" href=\"https:\/\/www.minicity.it\/blog\/2011\/04\/pasqua-last-minute-pensione-completa-cervia\/\">read more<\/a><\/p>\n","protected":false},"author":1,"featured_media":0,"comment_status":"open","ping_status":"open","sticky":false,"template":"","format":"standard","meta":{"footnotes":""},"categories":[3],"tags":[20,33],"class_list":["post-762","post","type-post","status-publish","format-standard","hentry","category-turismo","tag-cervia","tag-eventi-riviera"],"aioseo_notices":[],"_links":{"self":[{"href":"https:\/\/www.minicity.it\/blog\/wp-json\/wp\/v2\/posts\/762","targetHints":{"allow":["GET"]}}],"collection":[{"href":"https:\/\/www.minicity.it\/blog\/wp-json\/wp\/v2\/posts"}],"about":[{"href":"https:\/\/www.minicity.it\/blog\/wp-json\/wp\/v2\/types\/post"}],"author":[{"embeddable":true,"href":"https:\/\/www.minicity.it\/blog\/wp-json\/wp\/v2\/users\/1"}],"replies":[{"embeddable":true,"href":"https:\/\/www.minicity.it\/blog\/wp-json\/wp\/v2\/comments?post=762"}],"version-history":[{"count":0,"href":"https:\/\/www.minicity.it\/blog\/wp-json\/wp\/v2\/posts\/762\/revisions"}],"wp:attachment":[{"href":"https:\/\/www.minicity.it\/blog\/wp-json\/wp\/v2\/media?parent=762"}],"wp:term":[{"taxonomy":"category","embeddable":true,"href":"https:\/\/www.minicity.it\/blog\/wp-json\/wp\/v2\/categories?post=762"},{"taxonomy":"post_tag","embeddable":true,"href":"https:\/\/www.minicity.it\/blog\/wp-json\/wp\/v2\/tags?post=762"}],"curies":[{"name":"wp","href":"https:\/\/api.w.org\/{rel}","templated":true}]}}