{"id":765,"date":"2011-04-27T08:13:08","date_gmt":"2011-04-27T08:13:08","guid":{"rendered":"https:\/\/www.minicity.it\/blog\/?p=765"},"modified":"2011-04-27T08:13:08","modified_gmt":"2011-04-27T08:13:08","slug":"davide-van-de-sfroos-in-concerto-a-rimini","status":"publish","type":"post","link":"https:\/\/www.minicity.it\/blog\/2011\/04\/davide-van-de-sfroos-in-concerto-a-rimini\/","title":{"rendered":"Davide Van De Sfroos in concerto a Rimini"},"content":{"rendered":"<p><strong><a href=\"https:\/\/www.minicity.it\/blog\/wp-content\/uploads\/2011\/04\/DavideVanDeSfroos.jpg\" target=\"_blank\"><img loading=\"lazy\" decoding=\"async\" class=\"alignleft size-full wp-image-766\" style=\"margin: 5px 8px;\" title=\"DavideVanDeSfroos\" src=\"https:\/\/www.minicity.it\/blog\/wp-content\/uploads\/2011\/04\/DavideVanDeSfroos.jpg\" alt=\"\" width=\"200\" height=\"150\" \/><\/a>Davide Van De Sfroos<\/strong> in concerto a Rimini<\/p>\n<p><strong>Venerd\u00ec sei maggio<\/strong> al Teatro Ermete Novelli di Rimini si esibir\u00e0 Davide Van De Sfroos, nome d&#8217;arte di Davide Bernasconi, artista lombardo che si \u00e8 esibito anche all&#8217;ultimo Festival di San Remo con &#8220;Yanez&#8221;, ottenendo il quarto posto.  Van De Sfroos \u00e8 noto per essere un cantante dialettale: il dialetto tremezzino, tipico del Lago di Como \u2013 Bernasconi \u00e8, infatti, nato a Monza \u2013 \u00e8 alla base della sua opera. Van De Sfross ha collaborato, nella sua carriera, con artisti come Francesco Baccini, Enrico Ruggeri, Flavio Oreglio e il Parto delle Nuvole Pesanti.<\/p>\n<p>\u201cYanez\u201d, il suo ultimo e dodicesimo lavoro, \u00e8 stato un album che ha riscosso grande successo, sia di pubblico che di critica: il suo concerto al Forum di Assago del 19 aprile scorso ha registrato un sold out, con oltre 12mila spettatori.<\/p>\n<p><strong>Quando:<\/strong> venerd\u00ec 6 maggio<\/p>\n<p><strong>Dove:<\/strong> Teatro Ermete Novelli, Rimini<\/p>\n<p><strong>Costo:<\/strong> platea \u20ac 28,50, galleria \u20ac 23<\/p>\n","protected":false},"excerpt":{"rendered":"<p>Davide Van De Sfroos in concerto a Rimini Venerd&igrave; sei maggio al Teatro Ermete Novelli di Rimini si esibir&agrave; Davide Van De Sfroos, nome d&rsquo;arte di Davide Bernasconi, artista lombardo che si &egrave; esibito anche all&rsquo;ultimo Festival di San Remo con &ldquo;Yanez&rdquo;, ottenendo il quarto posto. Van De Sfroos &egrave; noto per essere un cantante &#8230;<a class=\"post-readmore\" href=\"https:\/\/www.minicity.it\/blog\/2011\/04\/davide-van-de-sfroos-in-concerto-a-rimini\/\">read more<\/a><\/p>\n","protected":false},"author":1,"featured_media":0,"comment_status":"open","ping_status":"open","sticky":false,"template":"","format":"standard","meta":{"footnotes":""},"categories":[3],"tags":[33,10],"class_list":["post-765","post","type-post","status-publish","format-standard","hentry","category-turismo","tag-eventi-riviera","tag-rimini"],"aioseo_notices":[],"_links":{"self":[{"href":"https:\/\/www.minicity.it\/blog\/wp-json\/wp\/v2\/posts\/765","targetHints":{"allow":["GET"]}}],"collection":[{"href":"https:\/\/www.minicity.it\/blog\/wp-json\/wp\/v2\/posts"}],"about":[{"href":"https:\/\/www.minicity.it\/blog\/wp-json\/wp\/v2\/types\/post"}],"author":[{"embeddable":true,"href":"https:\/\/www.minicity.it\/blog\/wp-json\/wp\/v2\/users\/1"}],"replies":[{"embeddable":true,"href":"https:\/\/www.minicity.it\/blog\/wp-json\/wp\/v2\/comments?post=765"}],"version-history":[{"count":0,"href":"https:\/\/www.minicity.it\/blog\/wp-json\/wp\/v2\/posts\/765\/revisions"}],"wp:attachment":[{"href":"https:\/\/www.minicity.it\/blog\/wp-json\/wp\/v2\/media?parent=765"}],"wp:term":[{"taxonomy":"category","embeddable":true,"href":"https:\/\/www.minicity.it\/blog\/wp-json\/wp\/v2\/categories?post=765"},{"taxonomy":"post_tag","embeddable":true,"href":"https:\/\/www.minicity.it\/blog\/wp-json\/wp\/v2\/tags?post=765"}],"curies":[{"name":"wp","href":"https:\/\/api.w.org\/{rel}","templated":true}]}}