{"id":769,"date":"2011-04-27T10:49:07","date_gmt":"2011-04-27T10:49:07","guid":{"rendered":"https:\/\/www.minicity.it\/blog\/?p=769"},"modified":"2011-04-27T10:49:07","modified_gmt":"2011-04-27T10:49:07","slug":"rimini-concorso-record-per-il-risparmio-energetico","status":"publish","type":"post","link":"https:\/\/www.minicity.it\/blog\/2011\/04\/rimini-concorso-record-per-il-risparmio-energetico\/","title":{"rendered":"Rimini: aperto il concorso &#8220;Record&#8221; per il risparmio energetico"},"content":{"rendered":"<p><a href=\"https:\/\/www.minicity.it\/blog\/wp-content\/uploads\/2011\/04\/fonti-rinnovabili.jpg\" target=\"_blank\"><img loading=\"lazy\" decoding=\"async\" class=\"alignleft size-full wp-image-771\" style=\"margin: 5px 8px;\" title=\"fonti-rinnovabili\" src=\"https:\/\/www.minicity.it\/blog\/wp-content\/uploads\/2011\/04\/fonti-rinnovabili.jpg\" alt=\"\" width=\"200\" height=\"130\" \/><\/a>Rimini: aperto il concorso &#8220;Record&#8221; per il risparmio energetico<\/p>\n<p>Record \u00e8 un concorso per coloro che hanno messo in atto misure concrete per la riduzione di emissioni di C02 negli ultimi 12 mesi come la scelta di pannelli fotovoltaici, risparmio energetico, utilizzo dei mezzi pubblici e cos\u00ec via. Si tratta di un&#8217;iniziativa sviluppata all&#8217;interno del progetto regionale della rete INFEA &#8220;ERRE COME&#8230;<\/p>\n<p><strong>Energie Rinnovabili<\/strong> e Riduzione delle Emissioni&#8221; e del Progetto Europeo &#8220;ENGAGE: Mettiti in gioco!&#8221;, entrambi adottati dal assessorato alle Politiche Ambientali ed energetiche del Comune di Rimini.<\/p>\n<p><strong>Come si partecipa?<\/strong> Si va sulla pagina <a rel=\"nofollow\" href=\"http:\/\/www.riminiambiente.it\/errecome\/\">www.riminiambiente.it\/errecome\/<\/a> e si clicca sul logo di Record, dopodich\u00e9 si verr\u00e0 accompagnati nella compilazinoe dei moduli dove si dovr\u00e0 dimostrare a che punto si \u00e8 fedeli al risparmio energetico. Il concorso \u00e8 aperto a tutti i residenti della provincia di Rimini e ai soci IKEA Family. Il concorso scade l&#8217;8 maggio alle 23:59 e le premiazioni avverrano il 5 giugno prossimo all&#8217;Ikea a Rimini.<\/p>\n<p><strong>Il premio?<\/strong> Tre buoni acquisto da 2500 euro.<\/p>\n","protected":false},"excerpt":{"rendered":"<p>Rimini: aperto il concorso &ldquo;Record&rdquo; per il risparmio energetico Record &egrave; un concorso per coloro che hanno messo in atto misure concrete per la riduzione di emissioni di C02 negli ultimi 12 mesi come la scelta di pannelli fotovoltaici, risparmio energetico, utilizzo dei mezzi pubblici e cos&igrave; via. Si tratta di un&rsquo;iniziativa sviluppata all&rsquo;interno del &#8230;<a class=\"post-readmore\" href=\"https:\/\/www.minicity.it\/blog\/2011\/04\/rimini-concorso-record-per-il-risparmio-energetico\/\">read more<\/a><\/p>\n","protected":false},"author":1,"featured_media":0,"comment_status":"open","ping_status":"open","sticky":false,"template":"","format":"standard","meta":{"footnotes":""},"categories":[3],"tags":[5,10],"class_list":["post-769","post","type-post","status-publish","format-standard","hentry","category-turismo","tag-notizie","tag-rimini"],"aioseo_notices":[],"_links":{"self":[{"href":"https:\/\/www.minicity.it\/blog\/wp-json\/wp\/v2\/posts\/769","targetHints":{"allow":["GET"]}}],"collection":[{"href":"https:\/\/www.minicity.it\/blog\/wp-json\/wp\/v2\/posts"}],"about":[{"href":"https:\/\/www.minicity.it\/blog\/wp-json\/wp\/v2\/types\/post"}],"author":[{"embeddable":true,"href":"https:\/\/www.minicity.it\/blog\/wp-json\/wp\/v2\/users\/1"}],"replies":[{"embeddable":true,"href":"https:\/\/www.minicity.it\/blog\/wp-json\/wp\/v2\/comments?post=769"}],"version-history":[{"count":0,"href":"https:\/\/www.minicity.it\/blog\/wp-json\/wp\/v2\/posts\/769\/revisions"}],"wp:attachment":[{"href":"https:\/\/www.minicity.it\/blog\/wp-json\/wp\/v2\/media?parent=769"}],"wp:term":[{"taxonomy":"category","embeddable":true,"href":"https:\/\/www.minicity.it\/blog\/wp-json\/wp\/v2\/categories?post=769"},{"taxonomy":"post_tag","embeddable":true,"href":"https:\/\/www.minicity.it\/blog\/wp-json\/wp\/v2\/tags?post=769"}],"curies":[{"name":"wp","href":"https:\/\/api.w.org\/{rel}","templated":true}]}}