{"id":774,"date":"2011-04-27T11:01:59","date_gmt":"2011-04-27T11:01:59","guid":{"rendered":"https:\/\/www.minicity.it\/blog\/?p=774"},"modified":"2011-04-27T11:01:59","modified_gmt":"2011-04-27T11:01:59","slug":"cervia-celebra-leuropa-con-un-gemellaggio","status":"publish","type":"post","link":"https:\/\/www.minicity.it\/blog\/2011\/04\/cervia-celebra-leuropa-con-un-gemellaggio\/","title":{"rendered":"Cervia celebra l&#8217;Europa con un gemellaggio"},"content":{"rendered":"<p><strong><a href=\"https:\/\/www.minicity.it\/blog\/wp-content\/uploads\/2011\/03\/cervia.jpg\" target=\"_blank\"><img loading=\"lazy\" decoding=\"async\" class=\"alignleft size-full wp-image-385\" style=\"margin: 5px 8px;\" title=\"cervia\" src=\"https:\/\/www.minicity.it\/blog\/wp-content\/uploads\/2011\/03\/cervia.jpg\" alt=\"\" width=\"200\" height=\"133\" \/><\/a>Il 7 maggio prossimo<\/strong>, nella cittadina tedesca di <strong>Aalen<\/strong> verr\u00e0 celebrata la <strong>cerimonia di gemellaggio ufficiale con la citt\u00e0 di Cervia<\/strong>; la cerimonia verr\u00e0 ripetuta nella cittadina italiana il 4 giugno prossimo.<\/p>\n<p>Ad Aelen saranno presenti il sindaco di Cervia, l\u2019assessore al Turismo Nevio Salimbeni, il presidente del Consiglio Comunale Ercole Massari, i capigruppo del Consiglio Cesare Zavatta (Pd), Massimo Mazzolani (Pdl) e Luigi Nori (Lega Nord) e un rappresentate della Provincia di Ravenna. Il gemellaggio fa parte del programma di relazione tra la Provincia di Ravenna e la provincia tedesca dell&#8217;Ostalb, che nel 1990 hanno firmato un protocollo di gemellaggio. Durante questi venti anni il lavoro congiunto tra i due territori ha permesso di promuovere il territorio ravennate in Germania. Cervia diventa, da ora, il nono comune della Provincia di Ravenna ad avere rapporti particolari con una citt\u00e0 tedesca dell&#8217;Ostalb dopo Bagnacavallo e Neresheim, Bagnara e Adelmannsfelden, Casola Valsenio e Bartholom\u00e4, Castel Bolognese e Abtsgm\u00fcnd, Cotignola e H\u00fcttlingen, Faenza e Schw\u00e4bisch Gmund, Solarolo e Kirchheim am Ries e Russi e Bopfingen.<\/p>\n<p><em>\u00abIl gemellaggio \u00e8 l\u2019espressione di un\u2019unit\u00e0 e di un\u2019identit\u00e0 europea costruita dalla gente comune ed \u00e8 probabilmente l\u2019elemento fondamentale del cammino verso lo sviluppo di una cittadinanza europea\u00bb<\/em>, ha detto il sindaco di Cervia, Roberto Zoffoli. Ricordiamo che recentemente la citt\u00e0 \u00e8 anche stata premiata dal Parlamento europeo con il \u201cDiploma europeo\u201d per il lavoro di integrazione e di promozione degli ideali europei che la citt\u00e0 sta portando avanti. <em>\u00abAnche la citt\u00e0 di Cervia con le proprie iniziative di respiro internazionale, ha contribuito all\u2019approfondimento e al consolidamento di questi rapporti. In particolare, la provincia dell\u2019Ostalbkreis e singoli comuni appartenenti ad essa, hanno partecipato a pi\u00f9 edizioni dell\u2019evento internazionale \u201cCervia citt\u00e0 Giardino-Maggio in Fiore\u201d, che ogni anno richiama qui da noi oltre 50 citt\u00e0 italiane e straniere. I rapporti con la citt\u00e0 di Aalen si sono poi intensificati grazie allo Sposalizio del Mare del 2009. In quell\u2019occasione \u00e8 stato siglato il Patto di amicizia, preludio di questo gemellaggio ormai alle porte\u00bb<\/em>, ha continuato Zoffoli. Per quest&#8217;occasione la giunta comunale di Cervia ha deciso di istituire un Comitato di Gemellaggio a cui parteciperanno tutte le realt\u00e0 sociali, culturali ed economiche della cittadina: dall&#8217;associazionismo, al volontariato, dallo sport alla cultura per valorizzare al meglio gli scambi e le iniziative tra le due citt\u00e0.<\/p>\n","protected":false},"excerpt":{"rendered":"<p>Il 7 maggio prossimo, nella cittadina tedesca di Aalen verr&agrave; celebrata la cerimonia di gemellaggio ufficiale con la citt&agrave; di Cervia; la cerimonia verr&agrave; ripetuta nella cittadina italiana il 4 giugno prossimo. Ad Aelen saranno presenti il sindaco di Cervia, l&rsquo;assessore al Turismo Nevio Salimbeni, il presidente del Consiglio Comunale Ercole Massari, i capigruppo del &#8230;<a class=\"post-readmore\" href=\"https:\/\/www.minicity.it\/blog\/2011\/04\/cervia-celebra-leuropa-con-un-gemellaggio\/\">read more<\/a><\/p>\n","protected":false},"author":1,"featured_media":0,"comment_status":"open","ping_status":"open","sticky":false,"template":"","format":"standard","meta":{"footnotes":""},"categories":[3],"tags":[20,5],"class_list":["post-774","post","type-post","status-publish","format-standard","hentry","category-turismo","tag-cervia","tag-notizie"],"aioseo_notices":[],"_links":{"self":[{"href":"https:\/\/www.minicity.it\/blog\/wp-json\/wp\/v2\/posts\/774","targetHints":{"allow":["GET"]}}],"collection":[{"href":"https:\/\/www.minicity.it\/blog\/wp-json\/wp\/v2\/posts"}],"about":[{"href":"https:\/\/www.minicity.it\/blog\/wp-json\/wp\/v2\/types\/post"}],"author":[{"embeddable":true,"href":"https:\/\/www.minicity.it\/blog\/wp-json\/wp\/v2\/users\/1"}],"replies":[{"embeddable":true,"href":"https:\/\/www.minicity.it\/blog\/wp-json\/wp\/v2\/comments?post=774"}],"version-history":[{"count":0,"href":"https:\/\/www.minicity.it\/blog\/wp-json\/wp\/v2\/posts\/774\/revisions"}],"wp:attachment":[{"href":"https:\/\/www.minicity.it\/blog\/wp-json\/wp\/v2\/media?parent=774"}],"wp:term":[{"taxonomy":"category","embeddable":true,"href":"https:\/\/www.minicity.it\/blog\/wp-json\/wp\/v2\/categories?post=774"},{"taxonomy":"post_tag","embeddable":true,"href":"https:\/\/www.minicity.it\/blog\/wp-json\/wp\/v2\/tags?post=774"}],"curies":[{"name":"wp","href":"https:\/\/api.w.org\/{rel}","templated":true}]}}