{"id":78,"date":"2010-06-25T12:25:12","date_gmt":"2010-06-25T12:25:12","guid":{"rendered":"https:\/\/www.minicity.it\/blog\/?p=78"},"modified":"2012-09-14T12:09:17","modified_gmt":"2012-09-14T12:09:17","slug":"notte-rosa-2010-a-rimini-su-minicity-it","status":"publish","type":"post","link":"https:\/\/www.minicity.it\/blog\/2010\/06\/notte-rosa-2010-a-rimini-su-minicity-it\/","title":{"rendered":"Notte Rosa 2010 a Rimini su Minicity.it"},"content":{"rendered":"<p><a href=\"https:\/\/www.minicity.it\/blog\/wp-content\/uploads\/2010\/06\/notte_rosa-2010.jpg\" target=\"_blank\"><img loading=\"lazy\" decoding=\"async\" class=\"alignleft size-full wp-image-79\" style=\"margin: 5px 8px;\" title=\"notte_rosa-2010\" src=\"https:\/\/www.minicity.it\/blog\/wp-content\/uploads\/2010\/06\/notte_rosa-2010.jpg\" alt=\"\" width=\"200\" height=\"150\" \/><\/a>Anche quest&#8217;anno la <strong>Notte Rosa<\/strong> sta per arrivare nell&#8217;estate 2010 partita con un po&#8217; di maltempo, ma la Riviera si tinger\u00e0 di Rosa per animare tutti i vogliosi di divertirsi e stare in compagnia in una notte che sar\u00e0 piena di eventi con concerti, spettacoli, possibilit\u00e0 di gustare prodotti e piatti tipici della Romagna&#8230;.<\/p>\n<p>Quest&#8217;anno in occasione della Notte Rosa 2010 saranno presenti in <strong>Riviera Romagnola<\/strong> tanti ospiti famosi che animeranno la serata in piazze e in zone all&#8217;estite proprio per l&#8217;evento!<\/p>\n<p>Per scoprire il programma a Rimini della Notte Rosa visita la pagina dedicata su www.minicity.it e dove dormire in un hotel della citt\u00e0.<\/p>\n<p>Il giorno in cui cadr\u00e0 quest&#8217;anno la Notte Rosa \u00e8 il <strong>2 Luglio<\/strong> e i festeggiamenti in onore dell&#8217;evento continueranno anche nei giorni seguenti fino a Domenica 4 Luglio come lo spettacolo al 105 Stadium con <strong>Paolo Cevoli e Giuseppe Giacobazzi<\/strong> nello spettacolo <strong>Notte Rosa Ridens&#8230;..<\/strong><\/p>\n","protected":false},"excerpt":{"rendered":"<p>Anche quest&rsquo;anno la Notte Rosa sta per arrivare nell&rsquo;estate 2010 partita con un po&rsquo; di maltempo, ma la Riviera si tinger&agrave; di Rosa per animare tutti i vogliosi di divertirsi e stare in compagnia in una notte che sar&agrave; piena di eventi con concerti, spettacoli, possibilit&agrave; di gustare prodotti e piatti tipici della Romagna&hellip;. Quest&rsquo;anno &#8230;<a class=\"post-readmore\" href=\"https:\/\/www.minicity.it\/blog\/2010\/06\/notte-rosa-2010-a-rimini-su-minicity-it\/\">read more<\/a><\/p>\n","protected":false},"author":1,"featured_media":0,"comment_status":"open","ping_status":"open","sticky":false,"template":"","format":"standard","meta":{"footnotes":""},"categories":[3],"tags":[19,10],"class_list":["post-78","post","type-post","status-publish","format-standard","hentry","category-turismo","tag-notte-rosa","tag-rimini"],"aioseo_notices":[],"_links":{"self":[{"href":"https:\/\/www.minicity.it\/blog\/wp-json\/wp\/v2\/posts\/78","targetHints":{"allow":["GET"]}}],"collection":[{"href":"https:\/\/www.minicity.it\/blog\/wp-json\/wp\/v2\/posts"}],"about":[{"href":"https:\/\/www.minicity.it\/blog\/wp-json\/wp\/v2\/types\/post"}],"author":[{"embeddable":true,"href":"https:\/\/www.minicity.it\/blog\/wp-json\/wp\/v2\/users\/1"}],"replies":[{"embeddable":true,"href":"https:\/\/www.minicity.it\/blog\/wp-json\/wp\/v2\/comments?post=78"}],"version-history":[{"count":0,"href":"https:\/\/www.minicity.it\/blog\/wp-json\/wp\/v2\/posts\/78\/revisions"}],"wp:attachment":[{"href":"https:\/\/www.minicity.it\/blog\/wp-json\/wp\/v2\/media?parent=78"}],"wp:term":[{"taxonomy":"category","embeddable":true,"href":"https:\/\/www.minicity.it\/blog\/wp-json\/wp\/v2\/categories?post=78"},{"taxonomy":"post_tag","embeddable":true,"href":"https:\/\/www.minicity.it\/blog\/wp-json\/wp\/v2\/tags?post=78"}],"curies":[{"name":"wp","href":"https:\/\/api.w.org\/{rel}","templated":true}]}}