{"id":786,"date":"2011-05-02T09:18:48","date_gmt":"2011-05-02T09:18:48","guid":{"rendered":"https:\/\/www.minicity.it\/blog\/?p=786"},"modified":"2011-05-02T09:18:48","modified_gmt":"2011-05-02T09:18:48","slug":"marche-si-discute-di-sport-e-turismo","status":"publish","type":"post","link":"https:\/\/www.minicity.it\/blog\/2011\/05\/marche-si-discute-di-sport-e-turismo\/","title":{"rendered":"Marche: si discute di sport e turismo"},"content":{"rendered":"<p><strong><a href=\"https:\/\/www.minicity.it\/blog\/wp-content\/uploads\/2011\/05\/turismomarche.jpg\" target=\"_blank\"><img loading=\"lazy\" decoding=\"async\" class=\"alignleft size-full wp-image-787\" style=\"margin: 5px 8px;\" title=\"turismomarche\" src=\"https:\/\/www.minicity.it\/blog\/wp-content\/uploads\/2011\/05\/turismomarche.jpg\" alt=\"\" width=\"150\" height=\"113\" \/><\/a>Venerd\u00ec sei maggio<\/strong> prossimo alla Rotonda sul mare di Senigallia si terr\u00e0 un evento dal titolo \u201cIdee e opportunit\u00e0 per la promozione del territorio\u201d. Si tratter\u00e0 di una giornata di discussione attorno al tema <strong>\u201cturismo e sport\u201d<\/strong> come binomio per la promozione culturale e turistica della regione Marche.<\/p>\n<p>L&#8217;evento \u00e8 sponsorizzato dal <strong>Coni Marche<\/strong>, dal Comune di Senigallia, dalla Provincia di Ancona, dalla <strong>Regione Marche<\/strong> e dall&#8217;Istituto di Credito sportivo.<\/p>\n<p>Serenella Moroder, assessore regionale delle Marche, spiega che \u00abnon \u00e8 un caso che alla Regione Marche le deleghe al Turismo e allo Sport siano affiancate: si tratta infatti di ambiti molto vicini, il cui confine spesso \u00e8 poco individuabile. Nel corso degli ultimi anni le Marche hanno ospitato manifestazioni sportive di primissimo piano che hanno attirato un grande pubblico, il quale ha saputo cogliere l\u2019occasione per scoprire e visitare le bellezze del nostro territorio. Inoltre, la conformazione delle Marche, in cui attorno ai paesi e piccole citt\u00e0 \u00e8 presente un ambiente ancora intatto, dove la natura e il paesaggio sono predominanti, permette di svolgere vacanze in cui \u00e8 possibile praticare una gran variet\u00e0 di sport, sia in ambito marittimo, che collinare, che montano; in questo modo il turista riesce a cogliere appieno l\u2019essenza della nostra regione, dove la qualit\u00e0 della vita \u00e8 molto elevata e dove \u00e8 possibile rigenerare corpo e spirito\u00bb.<\/p>\n<p>Tra i relatori presenti alla Rotonda sul mare ci sar\u00e0 Eliana Maiolini, Assessore allo Sport Provincia di Ancona, Graziano Di Battista, Presidente Camera di Commercio Fermo,Sandro Abelardi , dirigente turismo Regione Marche, Massimo Achini, presidente Nazionale Centro Sportivo Italiano e, ovviamente, Serenella Moroder e il sindaco di Senigallia, Maurizio Mangialardi.<\/p>\n","protected":false},"excerpt":{"rendered":"<p>Venerd&igrave; sei maggio prossimo alla Rotonda sul mare di Senigallia si terr&agrave; un evento dal titolo &ldquo;Idee e opportunit&agrave; per la promozione del territorio&rdquo;. Si tratter&agrave; di una giornata di discussione attorno al tema &ldquo;turismo e sport&rdquo; come binomio per la promozione culturale e turistica della regione Marche. L&rsquo;evento &egrave; sponsorizzato dal Coni Marche, dal &#8230;<a class=\"post-readmore\" href=\"https:\/\/www.minicity.it\/blog\/2011\/05\/marche-si-discute-di-sport-e-turismo\/\">read more<\/a><\/p>\n","protected":false},"author":1,"featured_media":0,"comment_status":"open","ping_status":"open","sticky":false,"template":"","format":"standard","meta":{"footnotes":""},"categories":[3],"tags":[32],"class_list":["post-786","post","type-post","status-publish","format-standard","hentry","category-turismo","tag-marche"],"aioseo_notices":[],"_links":{"self":[{"href":"https:\/\/www.minicity.it\/blog\/wp-json\/wp\/v2\/posts\/786","targetHints":{"allow":["GET"]}}],"collection":[{"href":"https:\/\/www.minicity.it\/blog\/wp-json\/wp\/v2\/posts"}],"about":[{"href":"https:\/\/www.minicity.it\/blog\/wp-json\/wp\/v2\/types\/post"}],"author":[{"embeddable":true,"href":"https:\/\/www.minicity.it\/blog\/wp-json\/wp\/v2\/users\/1"}],"replies":[{"embeddable":true,"href":"https:\/\/www.minicity.it\/blog\/wp-json\/wp\/v2\/comments?post=786"}],"version-history":[{"count":0,"href":"https:\/\/www.minicity.it\/blog\/wp-json\/wp\/v2\/posts\/786\/revisions"}],"wp:attachment":[{"href":"https:\/\/www.minicity.it\/blog\/wp-json\/wp\/v2\/media?parent=786"}],"wp:term":[{"taxonomy":"category","embeddable":true,"href":"https:\/\/www.minicity.it\/blog\/wp-json\/wp\/v2\/categories?post=786"},{"taxonomy":"post_tag","embeddable":true,"href":"https:\/\/www.minicity.it\/blog\/wp-json\/wp\/v2\/tags?post=786"}],"curies":[{"name":"wp","href":"https:\/\/api.w.org\/{rel}","templated":true}]}}