{"id":794,"date":"2011-05-03T09:40:48","date_gmt":"2011-05-03T09:40:48","guid":{"rendered":"https:\/\/www.minicity.it\/blog\/?p=794"},"modified":"2011-05-03T09:40:48","modified_gmt":"2011-05-03T09:40:48","slug":"marche-ambiente-acque-e-di-qualita-eccellente","status":"publish","type":"post","link":"https:\/\/www.minicity.it\/blog\/2011\/05\/marche-ambiente-acque-e-di-qualita-eccellente\/","title":{"rendered":"Marche: il 90% delle acque \u00e8 di qualit\u00e0 eccellente"},"content":{"rendered":"<p><strong><a href=\"https:\/\/www.minicity.it\/blog\/wp-content\/uploads\/2011\/05\/turismomarche.jpg\" target=\"_blank\"><img loading=\"lazy\" decoding=\"async\" class=\"alignleft size-full wp-image-787\" style=\"margin: 5px 8px;\" title=\"turismomarche\" src=\"https:\/\/www.minicity.it\/blog\/wp-content\/uploads\/2011\/05\/turismomarche.jpg\" alt=\"\" width=\"150\" height=\"113\" \/><\/a>Dal primo maggio<\/strong> scorso si \u00e8 aperta la <strong>stagione balneare nelle Marche<\/strong>. In concomitanza con questa scadenza si \u00e8 svolto un<strong> incontro<\/strong>, il 26 aprile scorso, presso l&#8217;assessorato all\u2019<strong>Ambiente<\/strong> della Regione tra i funzionari dell&#8217;Arpam (Azienda Regionale per la<strong> protezione ambientale delle Marche<\/strong>), quelli della Regione e i rappresentati dei 23 comuni marino-costieri e dei 7 con acque balneabili.<\/p>\n<p><strong>Lo scopo?<\/strong> La certificazione delle acque marchigiane in adempimento della direttiva europea CE 7\/2006 e l&#8217;omogenizzazione della gestione regionale. I tecnici dell&#8217;Arpam hanno consigliato ai comuni interessati di di emettere le ordinanze sindacali obbligatorie da trasmettere, poi, al ministero della Salute. Alla Regione rester\u00e0 un ruolo di coordinamento, mentre l&#8217;Arpam dovr\u00e0 monitorare le acque regionali per tutta la durata della stagione balneare, che durer\u00e0 fino al 30 settembre 2011. La priorit\u00e0, ora, \u00e8 quella di realizzare l&#8217;inchiesta sulla qualit\u00e0 delle acque; entro novembre i profili verranno aggiornati e, per marzo 2012, si dovr\u00e0 applicare in maniera integrale la direttiva europea. Fonti della Regione hanno affermato in proposito che \u00abl\u2019incontro (del 26 aprile, ndr) \u00e8 stata un\u2019ottima occasione per fugare i dubbi di molti Comuni sulla scorta della recente legislazione, nonch\u00e9 per dettare i tempi delle prossime scadenze: subito la cartellonistica informativa sulla qualit\u00e0 delle acque, ed entro novembre 2011 l\u2019aggiornamento dei profili di ogni acqua di balneazione, in modo da recepire ed applicare integralmente la Direttiva CE entro marzo 2012.<\/p>\n<p>Inoltre, dalla riunione \u00e8 emersa la condizione eccellente delle nostre acque (per il 90%) e la necessit\u00e0 di predisporre adeguate informazioni per tutte le acque affinch\u00e9 tutti i turisti e i bagnati conoscano la qualit\u00e0 dell\u2019acqua balneari e la loro gestione\u00bb.<\/p>\n","protected":false},"excerpt":{"rendered":"<p>Dal primo maggio scorso si &egrave; aperta la stagione balneare nelle Marche. In concomitanza con questa scadenza si &egrave; svolto un incontro, il 26 aprile scorso, presso l&rsquo;assessorato all&rsquo;Ambiente della Regione tra i funzionari dell&rsquo;Arpam (Azienda Regionale per la protezione ambientale delle Marche), quelli della Regione e i rappresentati dei 23 comuni marino-costieri e dei &#8230;<a class=\"post-readmore\" href=\"https:\/\/www.minicity.it\/blog\/2011\/05\/marche-ambiente-acque-e-di-qualita-eccellente\/\">read more<\/a><\/p>\n","protected":false},"author":1,"featured_media":0,"comment_status":"open","ping_status":"open","sticky":false,"template":"","format":"standard","meta":{"footnotes":""},"categories":[3],"tags":[32,5],"class_list":["post-794","post","type-post","status-publish","format-standard","hentry","category-turismo","tag-marche","tag-notizie"],"aioseo_notices":[],"_links":{"self":[{"href":"https:\/\/www.minicity.it\/blog\/wp-json\/wp\/v2\/posts\/794","targetHints":{"allow":["GET"]}}],"collection":[{"href":"https:\/\/www.minicity.it\/blog\/wp-json\/wp\/v2\/posts"}],"about":[{"href":"https:\/\/www.minicity.it\/blog\/wp-json\/wp\/v2\/types\/post"}],"author":[{"embeddable":true,"href":"https:\/\/www.minicity.it\/blog\/wp-json\/wp\/v2\/users\/1"}],"replies":[{"embeddable":true,"href":"https:\/\/www.minicity.it\/blog\/wp-json\/wp\/v2\/comments?post=794"}],"version-history":[{"count":0,"href":"https:\/\/www.minicity.it\/blog\/wp-json\/wp\/v2\/posts\/794\/revisions"}],"wp:attachment":[{"href":"https:\/\/www.minicity.it\/blog\/wp-json\/wp\/v2\/media?parent=794"}],"wp:term":[{"taxonomy":"category","embeddable":true,"href":"https:\/\/www.minicity.it\/blog\/wp-json\/wp\/v2\/categories?post=794"},{"taxonomy":"post_tag","embeddable":true,"href":"https:\/\/www.minicity.it\/blog\/wp-json\/wp\/v2\/tags?post=794"}],"curies":[{"name":"wp","href":"https:\/\/api.w.org\/{rel}","templated":true}]}}