{"id":800,"date":"2011-05-04T08:25:38","date_gmt":"2011-05-04T08:25:38","guid":{"rendered":"https:\/\/www.minicity.it\/blog\/?p=800"},"modified":"2011-05-04T08:25:38","modified_gmt":"2011-05-04T08:25:38","slug":"forum-investment-e-del-trading-palaconressi","status":"publish","type":"post","link":"https:\/\/www.minicity.it\/blog\/2011\/05\/forum-investment-e-del-trading-palaconressi\/","title":{"rendered":"A Rimini il forum dell&#8217;Investment e del Trading"},"content":{"rendered":"<p><a href=\"https:\/\/www.minicity.it\/blog\/wp-content\/uploads\/2011\/05\/itforum2011.jpg\" target=\"_blank\"><img loading=\"lazy\" decoding=\"async\" class=\"alignleft size-full wp-image-801\" style=\"margin: 5px 8px;\" title=\"itforum2011\" src=\"https:\/\/www.minicity.it\/blog\/wp-content\/uploads\/2011\/05\/itforum2011.jpg\" alt=\"\" width=\"250\" height=\"51\" \/><\/a>A Rimini il forum dell&#8217;Investment e del Trading<\/p>\n<p><strong>Il 19 e il 20 maggio<\/strong> prossimo il Pala-congressi di Rimini ospiter\u00e0 l&#8217;<strong>Investment &amp; Trading Forum 2011<\/strong>. Si tratta della dodicesima edizione della Fiera degli appassionati di finanza, trading e risparmio. L&#8217;evento \u00e8 gratuito e, per l&#8217;edizione di quest&#8217;anno, \u00e8 prevista una partnership con l&#8217;Universit\u00e0 Cattolica del Sacro Cuore. L&#8217;evento, come ogni anno, \u00e8 organizzato da Traderlink, Trading Library e Morningstar.<\/p>\n<p>Sono previsti convegni, seminari, work shop con esperti del settore, analisti finanziari e ospiti internazionali: non \u00e8 un evento solo per specialisti, ma \u00e8 aperto anche ai curiosi e agli appassionati. Quest&#8217;anno ci sar\u00e0 anche una mostra di artisti di Brera e una degustazione gastronomica sul tema &#8220;I gusti dell&#8217;arte, stagionali percezioni&#8221;.<\/p>\n<p><strong>Per informazioni<\/strong> consultare il sito: <a href=\"http:\/\/www.itforum.it\/rimini-2011\">www.itforum.it\/rimini-2011<\/a><\/p>\n<p><strong>Dove: <\/strong>Pala-congressi, Rimini<\/p>\n<p>Quando: 19 e 20 maggio<\/p>\n<p>Costo: entrata gratuita<\/p>\n","protected":false},"excerpt":{"rendered":"<p>A Rimini il forum dell&rsquo;Investment e del Trading Il 19 e il 20 maggio prossimo il Pala-congressi di Rimini ospiter&agrave; l&rsquo;Investment &amp; Trading Forum 2011. Si tratta della dodicesima edizione della Fiera degli appassionati di finanza, trading e risparmio. L&rsquo;evento &egrave; gratuito e, per l&rsquo;edizione di quest&rsquo;anno, &egrave; prevista una partnership con l&rsquo;Universit&agrave; Cattolica del &#8230;<a class=\"post-readmore\" href=\"https:\/\/www.minicity.it\/blog\/2011\/05\/forum-investment-e-del-trading-palaconressi\/\">read more<\/a><\/p>\n","protected":false},"author":1,"featured_media":0,"comment_status":"open","ping_status":"open","sticky":false,"template":"","format":"standard","meta":{"footnotes":""},"categories":[3],"tags":[33,10],"class_list":["post-800","post","type-post","status-publish","format-standard","hentry","category-turismo","tag-eventi-riviera","tag-rimini"],"aioseo_notices":[],"_links":{"self":[{"href":"https:\/\/www.minicity.it\/blog\/wp-json\/wp\/v2\/posts\/800","targetHints":{"allow":["GET"]}}],"collection":[{"href":"https:\/\/www.minicity.it\/blog\/wp-json\/wp\/v2\/posts"}],"about":[{"href":"https:\/\/www.minicity.it\/blog\/wp-json\/wp\/v2\/types\/post"}],"author":[{"embeddable":true,"href":"https:\/\/www.minicity.it\/blog\/wp-json\/wp\/v2\/users\/1"}],"replies":[{"embeddable":true,"href":"https:\/\/www.minicity.it\/blog\/wp-json\/wp\/v2\/comments?post=800"}],"version-history":[{"count":0,"href":"https:\/\/www.minicity.it\/blog\/wp-json\/wp\/v2\/posts\/800\/revisions"}],"wp:attachment":[{"href":"https:\/\/www.minicity.it\/blog\/wp-json\/wp\/v2\/media?parent=800"}],"wp:term":[{"taxonomy":"category","embeddable":true,"href":"https:\/\/www.minicity.it\/blog\/wp-json\/wp\/v2\/categories?post=800"},{"taxonomy":"post_tag","embeddable":true,"href":"https:\/\/www.minicity.it\/blog\/wp-json\/wp\/v2\/tags?post=800"}],"curies":[{"name":"wp","href":"https:\/\/api.w.org\/{rel}","templated":true}]}}