{"id":804,"date":"2011-05-04T10:02:36","date_gmt":"2011-05-04T10:02:36","guid":{"rendered":"https:\/\/www.minicity.it\/blog\/?p=804"},"modified":"2011-05-04T10:02:36","modified_gmt":"2011-05-04T10:02:36","slug":"la-protezione-civile-marche-in-olanda","status":"publish","type":"post","link":"https:\/\/www.minicity.it\/blog\/2011\/05\/la-protezione-civile-marche-in-olanda\/","title":{"rendered":"La protezione civile marchigiana in Olanda"},"content":{"rendered":"<p><a href=\"https:\/\/www.minicity.it\/blog\/wp-content\/uploads\/2011\/05\/turismomarche.jpg\" target=\"_blank\"><img loading=\"lazy\" decoding=\"async\" class=\"alignleft size-full wp-image-787\" style=\"margin: 5px 8px;\" title=\"turismomarche\" src=\"https:\/\/www.minicity.it\/blog\/wp-content\/uploads\/2011\/05\/turismomarche.jpg\" alt=\"\" width=\"150\" height=\"113\" \/><\/a>La <strong>protezione civile delle Marche<\/strong> parteciper\u00e0 a un&#8217;esercitazione internazionale in Olanda, ad Ossendrecht, che inizier\u00e0 <strong>gioved\u00ec 5 maggio<\/strong>.<\/p>\n<p>Si tratta di un a iniziativa che fa parte del programma formativo europeo che metter\u00e0 in scena un&#8217;alluvione abbattutasi sulla popolazione olandese. Tutti le formazioni presenti sul posto dovranno testare l&#8217;efficacia dei loro mezzi di soccorso. In Olanda arriveranno uomini e mezzi da tutto Europa e, per l&#8217;Italia, sono state scelte le Marche con, in particolare, il \u201cC.B. Club E. Mattei\u201d, fatto di volontari della protezione civile, appunto . La regione porter\u00e0 l&#8217;ospedale da campo attrezzato che \u00e8 anche stato recentemente utilizzato per il tragico terremoto che ha colpito l&#8217;Abruzzo. \u00abNoi ci occuperemo di logistica: partir\u00e0 un nostro camion carico di attrezzature ospedaliere, macchine per fare i raggi X, materiale per il reparto chirurgico e tutto il materiale che si necessita all&#8217;interno di un ospedale. Una volta sul posto tutti insieme, medici addetti alla logistica si adopereranno per mettere in funzione le 10 tende che compongono l&#8217;ospedale da campo. In un&#8217;ora e 30 minuti due delle 10 tende devono essere in grado di prestare i primi soccorsi: le due tende devono essere complete con corrente elettrica e attrezzate come un pronto soccorso. (\u2026)<\/p>\n<p>Il fatto che la <strong>Regione Marche<\/strong> abbia scelto anche la nostra associazione per questa importante spedizione, ci fa capire che la strada fin qui percorsa \u00e8 quella giusta e che l&#8217;associazione \u00e8 in grado di rispondere alle esigenze su pi\u00f9 fronti. Dalla scorsa settimana fanno parte del C.B. Club anche tre volontari cinofili: i cani non hanno ancora una grande esperienza, ma lavoreremo tutti insieme per far si che lo diventino al pi\u00f9 presto\u00bb, ha detto Saverio Olivi, responsabile del club Mattei<\/p>\n","protected":false},"excerpt":{"rendered":"<p>La protezione civile delle Marche parteciper&agrave; a un&rsquo;esercitazione internazionale in Olanda, ad Ossendrecht, che inizier&agrave; gioved&igrave; 5 maggio. Si tratta di un a iniziativa che fa parte del programma formativo europeo che metter&agrave; in scena un&rsquo;alluvione abbattutasi sulla popolazione olandese. Tutti le formazioni presenti sul posto dovranno testare l&rsquo;efficacia dei loro mezzi di soccorso. In &#8230;<a class=\"post-readmore\" href=\"https:\/\/www.minicity.it\/blog\/2011\/05\/la-protezione-civile-marche-in-olanda\/\">read more<\/a><\/p>\n","protected":false},"author":1,"featured_media":0,"comment_status":"open","ping_status":"open","sticky":false,"template":"","format":"standard","meta":{"footnotes":""},"categories":[3],"tags":[32,5],"class_list":["post-804","post","type-post","status-publish","format-standard","hentry","category-turismo","tag-marche","tag-notizie"],"aioseo_notices":[],"_links":{"self":[{"href":"https:\/\/www.minicity.it\/blog\/wp-json\/wp\/v2\/posts\/804","targetHints":{"allow":["GET"]}}],"collection":[{"href":"https:\/\/www.minicity.it\/blog\/wp-json\/wp\/v2\/posts"}],"about":[{"href":"https:\/\/www.minicity.it\/blog\/wp-json\/wp\/v2\/types\/post"}],"author":[{"embeddable":true,"href":"https:\/\/www.minicity.it\/blog\/wp-json\/wp\/v2\/users\/1"}],"replies":[{"embeddable":true,"href":"https:\/\/www.minicity.it\/blog\/wp-json\/wp\/v2\/comments?post=804"}],"version-history":[{"count":0,"href":"https:\/\/www.minicity.it\/blog\/wp-json\/wp\/v2\/posts\/804\/revisions"}],"wp:attachment":[{"href":"https:\/\/www.minicity.it\/blog\/wp-json\/wp\/v2\/media?parent=804"}],"wp:term":[{"taxonomy":"category","embeddable":true,"href":"https:\/\/www.minicity.it\/blog\/wp-json\/wp\/v2\/categories?post=804"},{"taxonomy":"post_tag","embeddable":true,"href":"https:\/\/www.minicity.it\/blog\/wp-json\/wp\/v2\/tags?post=804"}],"curies":[{"name":"wp","href":"https:\/\/api.w.org\/{rel}","templated":true}]}}