{"id":810,"date":"2011-05-05T09:27:21","date_gmt":"2011-05-05T09:27:21","guid":{"rendered":"https:\/\/www.minicity.it\/blog\/?p=810"},"modified":"2011-05-05T09:27:21","modified_gmt":"2011-05-05T09:27:21","slug":"cesenatico-una-mostra-per-giuseppe-garibaldi","status":"publish","type":"post","link":"https:\/\/www.minicity.it\/blog\/2011\/05\/cesenatico-una-mostra-per-giuseppe-garibaldi\/","title":{"rendered":"Cesenatico: una mostra per Giuseppe Garibaldi"},"content":{"rendered":"<p><a href=\"https:\/\/www.minicity.it\/blog\/wp-content\/uploads\/2011\/05\/garibaldi.jpg\" target=\"_blank\"><img loading=\"lazy\" decoding=\"async\" class=\"alignleft size-full wp-image-811\" style=\"margin: 5px 8px;\" title=\"garibaldi\" src=\"https:\/\/www.minicity.it\/blog\/wp-content\/uploads\/2011\/05\/garibaldi.jpg\" alt=\"\" width=\"180\" height=\"221\" \/><\/a>Cesenatico: una mostra per Giuseppe Garibaldi<\/p>\n<p><strong>Dal 7 al 29 maggio a Cesenatico<\/strong>, alla Galleria Comunale, sar\u00e0 visibile una mostra dedicata a Giuseppe Garibaldi. Si tratta di una delle tante manifestazioni organizzate per la celebrazione del Centocinquantenario della nascita dello Stato Italiano. La mostra \u00e8 curata dall&#8217;Associazione Mazziniana Italiana onlus (A.M.I.) e si potr\u00e0 visitare il sabato, la domenica e i festivi dalle 15:00 alle 19:00. L&#8217;inaugurazione sar\u00e0 gioved\u00ec 5 maggio per ricordare la partenza della spedizione dei Mille garibaldini da Quarto alla volta del Regno delle Due Sicilie nel 1860.<\/p>\n<p><strong>Informazioni e prenotazioni: <\/strong>infomusei@cesenatico.it \u2013 <span class=\"skype_pnh_print_container\">0547-79205<\/span><span class=\"skype_pnh_container\" dir=\"ltr\"><span class=\"skype_pnh_mark\"> begin_of_the_skype_highlighting<\/span> <span class=\"skype_pnh_highlighting_inactive_common\" title=\"Chiama questo numero in Italia con Skype: +39054779205\" dir=\"ltr\"><span class=\"skype_pnh_left_span\"> <\/span><span class=\"skype_pnh_dropart_span\" title=\"Opzioni Skype \"><span class=\"skype_pnh_dropart_flag_span\" style=\"background-position: -2781px 1px ! important;\"> <\/span> <\/span><span class=\"skype_pnh_textarea_span\"><span class=\"skype_pnh_text_span\">0547-79205<\/span><\/span><span class=\"skype_pnh_right_span\"> <\/span><\/span> <span class=\"skype_pnh_mark\">end_of_the_skype_highlighting<\/span><\/span>.<\/p>\n","protected":false},"excerpt":{"rendered":"<p>Cesenatico: una mostra per Giuseppe Garibaldi Dal 7 al 29 maggio a Cesenatico, alla Galleria Comunale, sar&agrave; visibile una mostra dedicata a Giuseppe Garibaldi. Si tratta di una delle tante manifestazioni organizzate per la celebrazione del Centocinquantenario della nascita dello Stato Italiano. La mostra &egrave; curata dall&rsquo;Associazione Mazziniana Italiana onlus (A.M.I.) e si potr&agrave; visitare &#8230;<a class=\"post-readmore\" href=\"https:\/\/www.minicity.it\/blog\/2011\/05\/cesenatico-una-mostra-per-giuseppe-garibaldi\/\">read more<\/a><\/p>\n","protected":false},"author":1,"featured_media":0,"comment_status":"open","ping_status":"open","sticky":false,"template":"","format":"standard","meta":{"footnotes":""},"categories":[3],"tags":[38,33],"class_list":["post-810","post","type-post","status-publish","format-standard","hentry","category-turismo","tag-cesenatico","tag-eventi-riviera"],"aioseo_notices":[],"_links":{"self":[{"href":"https:\/\/www.minicity.it\/blog\/wp-json\/wp\/v2\/posts\/810","targetHints":{"allow":["GET"]}}],"collection":[{"href":"https:\/\/www.minicity.it\/blog\/wp-json\/wp\/v2\/posts"}],"about":[{"href":"https:\/\/www.minicity.it\/blog\/wp-json\/wp\/v2\/types\/post"}],"author":[{"embeddable":true,"href":"https:\/\/www.minicity.it\/blog\/wp-json\/wp\/v2\/users\/1"}],"replies":[{"embeddable":true,"href":"https:\/\/www.minicity.it\/blog\/wp-json\/wp\/v2\/comments?post=810"}],"version-history":[{"count":0,"href":"https:\/\/www.minicity.it\/blog\/wp-json\/wp\/v2\/posts\/810\/revisions"}],"wp:attachment":[{"href":"https:\/\/www.minicity.it\/blog\/wp-json\/wp\/v2\/media?parent=810"}],"wp:term":[{"taxonomy":"category","embeddable":true,"href":"https:\/\/www.minicity.it\/blog\/wp-json\/wp\/v2\/categories?post=810"},{"taxonomy":"post_tag","embeddable":true,"href":"https:\/\/www.minicity.it\/blog\/wp-json\/wp\/v2\/tags?post=810"}],"curies":[{"name":"wp","href":"https:\/\/api.w.org\/{rel}","templated":true}]}}