{"id":820,"date":"2011-05-06T10:51:43","date_gmt":"2011-05-06T10:51:43","guid":{"rendered":"https:\/\/www.minicity.it\/blog\/?p=820"},"modified":"2011-05-06T10:51:43","modified_gmt":"2011-05-06T10:51:43","slug":"bandiera-blu-per-misano-adriatico","status":"publish","type":"post","link":"https:\/\/www.minicity.it\/blog\/2011\/05\/bandiera-blu-per-misano-adriatico\/","title":{"rendered":"Bandiera Blu per Misano Adriatico"},"content":{"rendered":"<p><a href=\"https:\/\/www.minicity.it\/blog\/wp-content\/uploads\/2011\/05\/bandierablu.jpg\" target=\"_blank\"><img loading=\"lazy\" decoding=\"async\" class=\"alignleft size-full wp-image-821\" style=\"margin: 5px 8px;\" title=\"bandierablu\" src=\"https:\/\/www.minicity.it\/blog\/wp-content\/uploads\/2011\/05\/bandierablu.jpg\" alt=\"\" width=\"150\" height=\"109\" \/><\/a>Misano Adriatico premiata per la qualit\u00e0 del mare con la <strong>Bandiera Blu<\/strong><\/p>\n<p><strong>MISANO.<\/strong> Si aggiunge un&#8217;altra Bandiera Blu per la citt\u00e0 sul mare Adriatico agli altri vessilli che rappresentano la qualit\u00e0 ambientale per Misano.<\/p>\n<p>La citt\u00e0 e dal 1989 che si aggiudica questo riconoscimento insieme alla vicina Portoverde che si \u00e8 aggiunta nel 2000. Ora il Comune \u00e8 stato invitato nella sede della presidenza del Consiglio dei Ministri a Roma per una conferenza di presentazione delle bandiere blu.<\/p>\n<p>Il sindaco, Stefano Giannini ha detto che Misano ha sempre di pi\u00f9 le carte in regola per meritarsi questo riconoscimento grazie alle zone verdi della citt\u00e0, il lungomare pedonalizzato, i servizi in spiaggia, la raccolta differenziata arrivata al 60%, la rete fognaria separata e depurata e la nuova pista ciclabile&#8230;<\/p>\n<p>Ultimo segno delle acque pulite di Misano \u00e8 stata la<strong> presenza di un delfino <\/strong>a poco pi\u00f9 di 150 metri dalla riva nel mese di Aprile&#8230;<\/p>\n","protected":false},"excerpt":{"rendered":"<p>Misano Adriatico premiata per la qualit&agrave; del mare con la Bandiera Blu MISANO. Si aggiunge un&rsquo;altra Bandiera Blu per la citt&agrave; sul mare Adriatico agli altri vessilli che rappresentano la qualit&agrave; ambientale per Misano. La citt&agrave; e dal 1989 che si aggiudica questo riconoscimento insieme alla vicina Portoverde che si &egrave; aggiunta nel 2000. Ora &#8230;<a class=\"post-readmore\" href=\"https:\/\/www.minicity.it\/blog\/2011\/05\/bandiera-blu-per-misano-adriatico\/\">read more<\/a><\/p>\n","protected":false},"author":1,"featured_media":0,"comment_status":"open","ping_status":"open","sticky":false,"template":"","format":"standard","meta":{"footnotes":""},"categories":[3],"tags":[36],"class_list":["post-820","post","type-post","status-publish","format-standard","hentry","category-turismo","tag-misano-adriatico"],"aioseo_notices":[],"_links":{"self":[{"href":"https:\/\/www.minicity.it\/blog\/wp-json\/wp\/v2\/posts\/820","targetHints":{"allow":["GET"]}}],"collection":[{"href":"https:\/\/www.minicity.it\/blog\/wp-json\/wp\/v2\/posts"}],"about":[{"href":"https:\/\/www.minicity.it\/blog\/wp-json\/wp\/v2\/types\/post"}],"author":[{"embeddable":true,"href":"https:\/\/www.minicity.it\/blog\/wp-json\/wp\/v2\/users\/1"}],"replies":[{"embeddable":true,"href":"https:\/\/www.minicity.it\/blog\/wp-json\/wp\/v2\/comments?post=820"}],"version-history":[{"count":0,"href":"https:\/\/www.minicity.it\/blog\/wp-json\/wp\/v2\/posts\/820\/revisions"}],"wp:attachment":[{"href":"https:\/\/www.minicity.it\/blog\/wp-json\/wp\/v2\/media?parent=820"}],"wp:term":[{"taxonomy":"category","embeddable":true,"href":"https:\/\/www.minicity.it\/blog\/wp-json\/wp\/v2\/categories?post=820"},{"taxonomy":"post_tag","embeddable":true,"href":"https:\/\/www.minicity.it\/blog\/wp-json\/wp\/v2\/tags?post=820"}],"curies":[{"name":"wp","href":"https:\/\/api.w.org\/{rel}","templated":true}]}}