{"id":826,"date":"2011-05-09T09:20:37","date_gmt":"2011-05-09T09:20:37","guid":{"rendered":"https:\/\/www.minicity.it\/blog\/?p=826"},"modified":"2011-05-09T09:20:37","modified_gmt":"2011-05-09T09:20:37","slug":"la-disabilita-al-centro-del-codice-del-turismo","status":"publish","type":"post","link":"https:\/\/www.minicity.it\/blog\/2011\/05\/la-disabilita-al-centro-del-codice-del-turismo\/","title":{"rendered":"La disabilit\u00e0 al centro del Codice del Turismo"},"content":{"rendered":"<p><a href=\"https:\/\/www.minicity.it\/blog\/wp-content\/uploads\/2011\/03\/turismoaccessibile.jpg\" target=\"_blank\"><img loading=\"lazy\" decoding=\"async\" class=\"alignleft size-full wp-image-530\" style=\"margin: 5px 8px;\" title=\"turismoaccessibile\" src=\"https:\/\/www.minicity.it\/blog\/wp-content\/uploads\/2011\/03\/turismoaccessibile.jpg\" alt=\"\" width=\"100\" height=\"75\" \/><\/a>Nel nuovo <strong>Codice del Turismo<\/strong>, approvato in via definitiva dal Consiglio dei Ministri lo scorso 5 maggio, si parla di <strong>disabilit\u00e0<\/strong>.<\/p>\n<p>Per <strong>Michela Vittoria Brambilla<\/strong>, Ministro del Turismo, questa \u00e8 stata una priorit\u00e0 di tutto il suo mandato: <em>\u00abNon era pi\u00f9 accettabile che milioni di italiani portatori di disabilit\u00e0 temporanea o permanente, non potessero godere di una vacanza in autonomia e a pari opportunit\u00e0 come tutti gli altri cittadini, in quanto il nostro paese non era in grado di garantire quella che \u00e8 un offerta di servizi adeguata per rispondere anche alle loro esigenze\u00bb<\/em>, ha detto sabato 7 maggio a Sirmione (Brescia) in occasione del convegno &#8221;La vocazione termale del Lago di Garda&#8221;.<em> <\/em><\/p>\n<p><em>\u00abCon la norma introdotta nella riforma del turismo che abbiamo approvato questa settimana, la prima vera e completa che sia mai stata realizzata in Italia, viene sancito il diritto per tutti coloro che sono portatori di disabilit\u00e0 di qualsiasi genere, motorie, sensoriali ed intellettive, di fruire dell&#8217;offerta turistica in modo completo e in autonomia, senza alcun aggravio di prezzo, al pari di tutti i cittadini e verr\u00e0 considerato atto discriminatorio impedire loro di esercitare tale diritto per motivi connessi alla propria disabilita\u00bb<\/em>, ha detto il Ministro. Michela Brambilla ha pi\u00f9 volte parlato di \u00abbattaglia di civilt\u00e0\u00bb per definire questo passo avanti, ritenuto fondamentale nel suo lavoro.<\/p>\n<p>La Brambilla \u00e8 anche famosa per aver portato avanti una lotta per il turismo con gli animali e per strutture pi\u00f9 adeguate per accoglierli. Il nuovo Codice \u00e8 un tentativo di rendere meno burocratiche le iniziative, le imprese e le opportunit\u00e0 legate al turismo in Italia.<\/p>\n","protected":false},"excerpt":{"rendered":"<p>Nel nuovo Codice del Turismo, approvato in via definitiva dal Consiglio dei Ministri lo scorso 5 maggio, si parla di disabilit&agrave;. Per Michela Vittoria Brambilla, Ministro del Turismo, questa &egrave; stata una priorit&agrave; di tutto il suo mandato: &laquo;Non era pi&ugrave; accettabile che milioni di italiani portatori di disabilit&agrave; temporanea o permanente, non potessero godere &#8230;<a class=\"post-readmore\" href=\"https:\/\/www.minicity.it\/blog\/2011\/05\/la-disabilita-al-centro-del-codice-del-turismo\/\">read more<\/a><\/p>\n","protected":false},"author":1,"featured_media":0,"comment_status":"open","ping_status":"open","sticky":false,"template":"","format":"standard","meta":{"footnotes":""},"categories":[3],"tags":[5],"class_list":["post-826","post","type-post","status-publish","format-standard","hentry","category-turismo","tag-notizie"],"aioseo_notices":[],"_links":{"self":[{"href":"https:\/\/www.minicity.it\/blog\/wp-json\/wp\/v2\/posts\/826","targetHints":{"allow":["GET"]}}],"collection":[{"href":"https:\/\/www.minicity.it\/blog\/wp-json\/wp\/v2\/posts"}],"about":[{"href":"https:\/\/www.minicity.it\/blog\/wp-json\/wp\/v2\/types\/post"}],"author":[{"embeddable":true,"href":"https:\/\/www.minicity.it\/blog\/wp-json\/wp\/v2\/users\/1"}],"replies":[{"embeddable":true,"href":"https:\/\/www.minicity.it\/blog\/wp-json\/wp\/v2\/comments?post=826"}],"version-history":[{"count":0,"href":"https:\/\/www.minicity.it\/blog\/wp-json\/wp\/v2\/posts\/826\/revisions"}],"wp:attachment":[{"href":"https:\/\/www.minicity.it\/blog\/wp-json\/wp\/v2\/media?parent=826"}],"wp:term":[{"taxonomy":"category","embeddable":true,"href":"https:\/\/www.minicity.it\/blog\/wp-json\/wp\/v2\/categories?post=826"},{"taxonomy":"post_tag","embeddable":true,"href":"https:\/\/www.minicity.it\/blog\/wp-json\/wp\/v2\/tags?post=826"}],"curies":[{"name":"wp","href":"https:\/\/api.w.org\/{rel}","templated":true}]}}