{"id":832,"date":"2011-05-10T11:17:53","date_gmt":"2011-05-10T11:17:53","guid":{"rendered":"https:\/\/www.minicity.it\/blog\/?p=832"},"modified":"2011-05-10T11:17:53","modified_gmt":"2011-05-10T11:17:53","slug":"vasco-errani-contro-la-%e2%80%9cprivatizzazione%e2%80%9d-delle-spiagge-italiane","status":"publish","type":"post","link":"https:\/\/www.minicity.it\/blog\/2011\/05\/vasco-errani-contro-la-%e2%80%9cprivatizzazione%e2%80%9d-delle-spiagge-italiane\/","title":{"rendered":"Vasco Errani contro la \u201cprivatizzazione\u201d delle spiagge italiane"},"content":{"rendered":"<p><a href=\"https:\/\/www.minicity.it\/blog\/wp-content\/uploads\/2011\/02\/spiagge-rimini.jpg\" target=\"_blank\"><img loading=\"lazy\" decoding=\"async\" class=\"alignleft size-full wp-image-354\" style=\"margin: 5px 8px;\" title=\"spiagge-rimini\" src=\"https:\/\/www.minicity.it\/blog\/wp-content\/uploads\/2011\/02\/spiagge-rimini.jpg\" alt=\"\" width=\"200\" height=\"143\" \/><\/a>Vasco Errani contro la \u201cprivatizzazione\u201d delle spiagge italiane<\/p>\n<p>Vasco Errani, presidente della Regione Emilia-Romagna, sul suo sito web, presidenterrani.it, ha preso posizione sulla privatizzazione delle spiagge italiane. Premesso che <em>\u00abil turismo, per l&#8217;Italia e l&#8217;Emilia-Romagna in particolare, \u00e8 una delle principali risorse economiche e non pu\u00f2 essere utilizzato per una propaganda che rischia di danneggiare l&#8217;intero settore, facendolo regredire invece che crescere\u00bb<\/em>.<\/p>\n<p>Il Governo, infatti, il cinque maggio scorso ha approvato la proroga di 90 anni sulla concessioni degli stabilimenti e dei servizi balneari su oltre 3.500 chilometri di spiaggia. La norma fa parte del Decreto Sviluppo e vuole essere uno stimolo agli investimenti. E su questo, nello specifico, interviene Errani: <em>\u00abL&#8217;ultimo esempio \u00e8 la \u201cprivatizzazione\u201d delle spiagge, affrontata nei giorni scorsi dal Governo nell&#8217;ambito del cosiddetto decreto Sviluppo.\u2028Parlo di privatizzazione, perch\u00e9 parlare di diritto di superficie dato per 90 anni vuol dire esattamente questo: togliere dalla disponibilit\u00e0 pubblica un bene che \u00e8, appunto, di tutti\u00bb<\/em>.<\/p>\n<p>Il Decreto ha sollevato critiche anche da parte dell&#8217;Unione Europea: <em>\u00abSecondo le norme Ue le concessioni devono avere una durata appropriata e alla fine del periodo limitato deve essere garantita l\u2019apertura alla concorrenza\u00bb<\/em>, ha detto Chantal Hughes, portavoce del commissario Ue al mercato interno, Michel Barnier. Secondo Vasco Errani si tratta di <em>\u00abUn provvedimento pericoloso per le stesse imprese balneari per l&#8217;imposizione di un costo di entit\u00e0 non indifferente, e che rischia di aprire la strada alla speculazione sugli arenili, danneggiando l&#8217;ambiente. Nessuna riforma quindi ma un provvedimento pasticciato, che per di pi\u00f9 invade le competenze di Regioni ed Enti locali\u00bb<\/em>.<\/p>\n","protected":false},"excerpt":{"rendered":"<p>Vasco Errani contro la &ldquo;privatizzazione&rdquo; delle spiagge italiane Vasco Errani, presidente della Regione Emilia-Romagna, sul suo sito web, presidenterrani.it, ha preso posizione sulla privatizzazione delle spiagge italiane. Premesso che &laquo;il turismo, per l&rsquo;Italia e l&rsquo;Emilia-Romagna in particolare, &egrave; una delle principali risorse economiche e non pu&ograve; essere utilizzato per una propaganda che rischia di danneggiare &#8230;<a class=\"post-readmore\" href=\"https:\/\/www.minicity.it\/blog\/2011\/05\/vasco-errani-contro-la-%e2%80%9cprivatizzazione%e2%80%9d-delle-spiagge-italiane\/\">read more<\/a><\/p>\n","protected":false},"author":1,"featured_media":0,"comment_status":"open","ping_status":"open","sticky":false,"template":"","format":"standard","meta":{"footnotes":""},"categories":[3],"tags":[5],"class_list":["post-832","post","type-post","status-publish","format-standard","hentry","category-turismo","tag-notizie"],"aioseo_notices":[],"_links":{"self":[{"href":"https:\/\/www.minicity.it\/blog\/wp-json\/wp\/v2\/posts\/832","targetHints":{"allow":["GET"]}}],"collection":[{"href":"https:\/\/www.minicity.it\/blog\/wp-json\/wp\/v2\/posts"}],"about":[{"href":"https:\/\/www.minicity.it\/blog\/wp-json\/wp\/v2\/types\/post"}],"author":[{"embeddable":true,"href":"https:\/\/www.minicity.it\/blog\/wp-json\/wp\/v2\/users\/1"}],"replies":[{"embeddable":true,"href":"https:\/\/www.minicity.it\/blog\/wp-json\/wp\/v2\/comments?post=832"}],"version-history":[{"count":0,"href":"https:\/\/www.minicity.it\/blog\/wp-json\/wp\/v2\/posts\/832\/revisions"}],"wp:attachment":[{"href":"https:\/\/www.minicity.it\/blog\/wp-json\/wp\/v2\/media?parent=832"}],"wp:term":[{"taxonomy":"category","embeddable":true,"href":"https:\/\/www.minicity.it\/blog\/wp-json\/wp\/v2\/categories?post=832"},{"taxonomy":"post_tag","embeddable":true,"href":"https:\/\/www.minicity.it\/blog\/wp-json\/wp\/v2\/tags?post=832"}],"curies":[{"name":"wp","href":"https:\/\/api.w.org\/{rel}","templated":true}]}}