{"id":845,"date":"2011-05-11T11:23:59","date_gmt":"2011-05-11T11:23:59","guid":{"rendered":"https:\/\/www.minicity.it\/blog\/?p=845"},"modified":"2011-05-11T11:23:59","modified_gmt":"2011-05-11T11:23:59","slug":"cattolica-decima-festa-della-vela","status":"publish","type":"post","link":"https:\/\/www.minicity.it\/blog\/2011\/05\/cattolica-decima-festa-della-vela\/","title":{"rendered":"Cattolica: Decima Festa della Vela"},"content":{"rendered":"<p><a href=\"https:\/\/www.minicity.it\/blog\/wp-content\/uploads\/2011\/05\/festadellavelacattolica.jpg\" target=\"_blank\"><img loading=\"lazy\" decoding=\"async\" class=\"alignleft size-full wp-image-846\" style=\"margin: 5px 8px;\" title=\"festadellavelacattolica\" src=\"https:\/\/www.minicity.it\/blog\/wp-content\/uploads\/2011\/05\/festadellavelacattolica.jpg\" alt=\"\" width=\"200\" height=\"150\" \/><\/a>Cattolica: Decima Festa della Vela<\/p>\n<p><strong>Domenica 15 maggio<\/strong>, al Porto Canale di Cattolica, si terr\u00e0 la Decima edizione della Festa della Vela: si tratta di una Regata Velica aperta a tutti coloro che sono in possesso di un tesserino FIV in regola per il 2011. Si tratta di un evento con il Patrocinio del Comune di Cattolica, organizzato in collaborazione con l&#8217;Assessorato alle Attivit\u00e0 sportive. Il ritrovo \u00e8 previsto per le ore 11 ed \u00e8 necessaria un&#8217;iscrizione preventiva. A fine gara \u00e8 previsto un buffet di prodotti tipi.<\/p>\n<p><strong>Per informazioni<\/strong> si pu\u00f2 contattare il Circolo Nautico di Cattolica (via Carducci 118), telefonare al numero <span class=\"skype_pnh_print_container\">0541 953810<\/span><span class=\"skype_pnh_container\" dir=\"ltr\"><span class=\"skype_pnh_mark\"> begin_of_the_skype_highlighting<\/span> <span class=\"skype_pnh_highlighting_inactive_common\" title=\"Chiama questo numero in Italia con Skype: +390541953810\" dir=\"ltr\"><span class=\"skype_pnh_left_span\"> <\/span><span class=\"skype_pnh_dropart_span\" title=\"Opzioni Skype \"><span class=\"skype_pnh_dropart_flag_span\" style=\"background-position: -2781px 1px ! important;\"> <\/span> <\/span><span class=\"skype_pnh_textarea_span\"><span class=\"skype_pnh_text_span\">0541 953810<\/span><\/span><span class=\"skype_pnh_right_span\"> <\/span><\/span> <span class=\"skype_pnh_mark\">end_of_the_skype_highlighting<\/span><\/span> o scrivere una mail a <strong>info@cncattolica.it<\/strong>.<\/p>\n","protected":false},"excerpt":{"rendered":"<p>Cattolica: Decima Festa della Vela Domenica 15 maggio, al Porto Canale di Cattolica, si terr&agrave; la Decima edizione della Festa della Vela: si tratta di una Regata Velica aperta a tutti coloro che sono in possesso di un tesserino FIV in regola per il 2011. Si tratta di un evento con il Patrocinio del Comune &#8230;<a class=\"post-readmore\" href=\"https:\/\/www.minicity.it\/blog\/2011\/05\/cattolica-decima-festa-della-vela\/\">read more<\/a><\/p>\n","protected":false},"author":1,"featured_media":0,"comment_status":"open","ping_status":"open","sticky":false,"template":"","format":"standard","meta":{"footnotes":""},"categories":[3],"tags":[37,33],"class_list":["post-845","post","type-post","status-publish","format-standard","hentry","category-turismo","tag-cattolica","tag-eventi-riviera"],"aioseo_notices":[],"_links":{"self":[{"href":"https:\/\/www.minicity.it\/blog\/wp-json\/wp\/v2\/posts\/845","targetHints":{"allow":["GET"]}}],"collection":[{"href":"https:\/\/www.minicity.it\/blog\/wp-json\/wp\/v2\/posts"}],"about":[{"href":"https:\/\/www.minicity.it\/blog\/wp-json\/wp\/v2\/types\/post"}],"author":[{"embeddable":true,"href":"https:\/\/www.minicity.it\/blog\/wp-json\/wp\/v2\/users\/1"}],"replies":[{"embeddable":true,"href":"https:\/\/www.minicity.it\/blog\/wp-json\/wp\/v2\/comments?post=845"}],"version-history":[{"count":0,"href":"https:\/\/www.minicity.it\/blog\/wp-json\/wp\/v2\/posts\/845\/revisions"}],"wp:attachment":[{"href":"https:\/\/www.minicity.it\/blog\/wp-json\/wp\/v2\/media?parent=845"}],"wp:term":[{"taxonomy":"category","embeddable":true,"href":"https:\/\/www.minicity.it\/blog\/wp-json\/wp\/v2\/categories?post=845"},{"taxonomy":"post_tag","embeddable":true,"href":"https:\/\/www.minicity.it\/blog\/wp-json\/wp\/v2\/tags?post=845"}],"curies":[{"name":"wp","href":"https:\/\/api.w.org\/{rel}","templated":true}]}}