{"id":854,"date":"2011-05-12T10:19:24","date_gmt":"2011-05-12T10:19:24","guid":{"rendered":"https:\/\/www.minicity.it\/blog\/?p=854"},"modified":"2011-05-12T10:19:24","modified_gmt":"2011-05-12T10:19:24","slug":"il-wwf-denuncia-la-privatizzazione-delle-spiagge","status":"publish","type":"post","link":"https:\/\/www.minicity.it\/blog\/2011\/05\/il-wwf-denuncia-la-privatizzazione-delle-spiagge\/","title":{"rendered":"Il WWF denuncia la privatizzazione delle spiagge"},"content":{"rendered":"<p><a href=\"https:\/\/www.minicity.it\/blog\/wp-content\/uploads\/2011\/02\/spiagge-rimini.jpg\" target=\"_blank\"><img loading=\"lazy\" decoding=\"async\" class=\"alignleft size-full wp-image-354\" style=\"margin: 5px 8px;\" title=\"spiagge-rimini\" src=\"https:\/\/www.minicity.it\/blog\/wp-content\/uploads\/2011\/02\/spiagge-rimini.jpg\" alt=\"\" width=\"200\" height=\"143\" \/><\/a>Il <strong>Wwf<\/strong> ha organizzato, per il <strong>prossimo 18 giugno<\/strong>, una manifestazione per protestare contro il Decreto Sviluppo che il Governo ha appena approvato e che prevede, tra le altre cose, una sorta di privatizzazione delle spiagge italiane. L&#8217;associazione animalista e ambientalista denuncia di essere entrata in possesso di un documento che dimostra il resoconto di un incontro tra il Governo e Assobalneari, l&#8217;associazione dei gestori di stabilimenti che fa capo a Confindustria.<\/p>\n<p><em>\u00abI fatti ed i documenti parlano chiaro. Il 27 gennaio 2010 in un incontro con il Ministro Brambilla, l&#8217;Assobalneari consegna una nota con cui si chiedono sostanzialmente tre cose: la proroga delle concessioni in essere sino al 2015, la previsioni di concessioni demaniali cinquantennali e l&#8217;introduzione del diritto di superficie sul demanio marittimo. Il Governo ha prorogato le concessioni in essere sino al 2015 con la legge n. 25\/2010 ed intende introdurre per decreto legge il diritto di superficie per novant&#8217;anni, entrando in aperto conflitto con gli orientamenti della Commissione Europea sulla libera concorrenza, e aprendo allo scempio ulteriore delle nostre coste. (&#8230;) Alla luce di questo poca importanza ha la previsione di concessioni demaniali di cinquant&#8217;anni perch\u00e9 chiaramente a il tempo di occupazione demaniale sar\u00e0 condizionato non dalla concessione ma dal diritto di superficie che garantir\u00e0 comunque la permanenza degli immobili realizzati\u00bb<\/em>, denuncia il WWF in una nota resta pubblica, in cui accusa il Governo di lasciare la politica turistica in mano agli imprenditori. L&#8217;attacco al Governo arriva anche dai Verdi: <em>\u00abQuello del Governo \u00e8 un attacco senza precedenti alle spiagge italiane che con il diritto di superficie daranno invase da una colata di 10 milioni di metri cubi di cemento\u00bb<\/em>, ha detto Angelo Bonelli, presidente del Partito. Per questo si sono uniti alla manifestazione nazionale contro la \u201cprivatizzazione delle spiagge\u201d del prossimo 18 giugno.<\/p>\n","protected":false},"excerpt":{"rendered":"<p>Il Wwf ha organizzato, per il prossimo 18 giugno, una manifestazione per protestare contro il Decreto Sviluppo che il Governo ha appena approvato e che prevede, tra le altre cose, una sorta di privatizzazione delle spiagge italiane. L&rsquo;associazione animalista e ambientalista denuncia di essere entrata in possesso di un documento che dimostra il resoconto di &#8230;<a class=\"post-readmore\" href=\"https:\/\/www.minicity.it\/blog\/2011\/05\/il-wwf-denuncia-la-privatizzazione-delle-spiagge\/\">read more<\/a><\/p>\n","protected":false},"author":1,"featured_media":0,"comment_status":"open","ping_status":"open","sticky":false,"template":"","format":"standard","meta":{"footnotes":""},"categories":[3],"tags":[5],"class_list":["post-854","post","type-post","status-publish","format-standard","hentry","category-turismo","tag-notizie"],"aioseo_notices":[],"_links":{"self":[{"href":"https:\/\/www.minicity.it\/blog\/wp-json\/wp\/v2\/posts\/854","targetHints":{"allow":["GET"]}}],"collection":[{"href":"https:\/\/www.minicity.it\/blog\/wp-json\/wp\/v2\/posts"}],"about":[{"href":"https:\/\/www.minicity.it\/blog\/wp-json\/wp\/v2\/types\/post"}],"author":[{"embeddable":true,"href":"https:\/\/www.minicity.it\/blog\/wp-json\/wp\/v2\/users\/1"}],"replies":[{"embeddable":true,"href":"https:\/\/www.minicity.it\/blog\/wp-json\/wp\/v2\/comments?post=854"}],"version-history":[{"count":0,"href":"https:\/\/www.minicity.it\/blog\/wp-json\/wp\/v2\/posts\/854\/revisions"}],"wp:attachment":[{"href":"https:\/\/www.minicity.it\/blog\/wp-json\/wp\/v2\/media?parent=854"}],"wp:term":[{"taxonomy":"category","embeddable":true,"href":"https:\/\/www.minicity.it\/blog\/wp-json\/wp\/v2\/categories?post=854"},{"taxonomy":"post_tag","embeddable":true,"href":"https:\/\/www.minicity.it\/blog\/wp-json\/wp\/v2\/tags?post=854"}],"curies":[{"name":"wp","href":"https:\/\/api.w.org\/{rel}","templated":true}]}}