{"id":875,"date":"2011-05-16T10:21:02","date_gmt":"2011-05-16T10:21:02","guid":{"rendered":"https:\/\/www.minicity.it\/blog\/?p=875"},"modified":"2011-05-16T10:21:02","modified_gmt":"2011-05-16T10:21:02","slug":"cesena-da-maggio-i-parchi-diventano-palestre","status":"publish","type":"post","link":"https:\/\/www.minicity.it\/blog\/2011\/05\/cesena-da-maggio-i-parchi-diventano-palestre\/","title":{"rendered":"Cesena: da maggio i parchi diventano palestre"},"content":{"rendered":"<p><strong><a href=\"https:\/\/www.minicity.it\/blog\/wp-content\/uploads\/2011\/05\/muoversiallariaaperta.jpg\" target=\"_blank\"><img loading=\"lazy\" decoding=\"async\" class=\"alignleft size-full wp-image-876\" style=\"margin: 5px 8px;\" title=\"muoversiallariaaperta\" src=\"https:\/\/www.minicity.it\/blog\/wp-content\/uploads\/2011\/05\/muoversiallariaaperta.jpg\" alt=\"\" width=\"190\" height=\"131\" \/><\/a>Dal 9 maggio<\/strong>, fino al 22 luglio, i parchi di Cesena si trasformano in palestre all&#8217;aria aperta grazie al progetto \u201cMuoviti che fa bene\u201d, promosso dal <strong>Comune<\/strong>, dall&#8217;<strong>Azienda Usl di Cesena<\/strong> e con il contributo di <strong>Technogym e della Wellness Foundation<\/strong>.<\/p>\n<p>Il progetto vuole mettere a disposizione della citt\u00e0 il grande patrimonio verde dei suoi parchi e promuovere l&#8217;idea di movimento fisico. Il pubblico ha a disposizione del materiale informativo, digitale e cartaceo e, soprattuto, di spazi e istruttori professionali che si occuperanno di spiegare ai cittadini come e quando fare attivit\u00e0 fisica. E tutto \u00e8 completamente gratuito.<\/p>\n<p>La manifestazione, per ora, \u00e8 un successo. Solo nella prima settimana sono stati registrati 600 visitatori, con un picco al Parco Fornace Marzocchi per la ginnastica dolce del gioved\u00ec. Sempre di gioved\u00ec il gruppo &#8220;walking&#8221;, invece, \u00e8 riuscito a riunire per la passeggiata serale, ben 241 persone.<\/p>\n<p>Per maggiori Informazioni: <strong>www.comune.cesena.fc.it\/muoviti<\/strong> e <strong>www.ausl-cesena.emr.it<\/strong><\/p>\n","protected":false},"excerpt":{"rendered":"<p>Dal 9 maggio, fino al 22 luglio, i parchi di Cesena si trasformano in palestre all&rsquo;aria aperta grazie al progetto &ldquo;Muoviti che fa bene&rdquo;, promosso dal Comune, dall&rsquo;Azienda Usl di Cesena e con il contributo di Technogym e della Wellness Foundation. Il progetto vuole mettere a disposizione della citt&agrave; il grande patrimonio verde dei suoi &#8230;<a class=\"post-readmore\" href=\"https:\/\/www.minicity.it\/blog\/2011\/05\/cesena-da-maggio-i-parchi-diventano-palestre\/\">read more<\/a><\/p>\n","protected":false},"author":1,"featured_media":0,"comment_status":"open","ping_status":"open","sticky":false,"template":"","format":"standard","meta":{"footnotes":""},"categories":[3],"tags":[33,24],"class_list":["post-875","post","type-post","status-publish","format-standard","hentry","category-turismo","tag-eventi-riviera","tag-forli-cesena"],"aioseo_notices":[],"_links":{"self":[{"href":"https:\/\/www.minicity.it\/blog\/wp-json\/wp\/v2\/posts\/875","targetHints":{"allow":["GET"]}}],"collection":[{"href":"https:\/\/www.minicity.it\/blog\/wp-json\/wp\/v2\/posts"}],"about":[{"href":"https:\/\/www.minicity.it\/blog\/wp-json\/wp\/v2\/types\/post"}],"author":[{"embeddable":true,"href":"https:\/\/www.minicity.it\/blog\/wp-json\/wp\/v2\/users\/1"}],"replies":[{"embeddable":true,"href":"https:\/\/www.minicity.it\/blog\/wp-json\/wp\/v2\/comments?post=875"}],"version-history":[{"count":0,"href":"https:\/\/www.minicity.it\/blog\/wp-json\/wp\/v2\/posts\/875\/revisions"}],"wp:attachment":[{"href":"https:\/\/www.minicity.it\/blog\/wp-json\/wp\/v2\/media?parent=875"}],"wp:term":[{"taxonomy":"category","embeddable":true,"href":"https:\/\/www.minicity.it\/blog\/wp-json\/wp\/v2\/categories?post=875"},{"taxonomy":"post_tag","embeddable":true,"href":"https:\/\/www.minicity.it\/blog\/wp-json\/wp\/v2\/tags?post=875"}],"curies":[{"name":"wp","href":"https:\/\/api.w.org\/{rel}","templated":true}]}}